{"id":2941,"date":"2020-11-27T09:36:52","date_gmt":"2020-11-27T08:36:52","guid":{"rendered":"https:\/\/www.gyyv.vd.ch\/developpementdurable\/?p=2941"},"modified":"2020-11-27T09:36:52","modified_gmt":"2020-11-27T08:36:52","slug":"agenda-2030-du-gymnase-dyverdon","status":"publish","type":"post","link":"https:\/\/gymnase-yverdon.ch\/developpementdurable\/2020\/11\/27\/agenda-2030-du-gymnase-dyverdon\/","title":{"rendered":"Agenda 2030 du Gymnase d&rsquo;Yverdon"},"content":{"rendered":"<p><a href=\"https:\/\/www.gyyv.vd.ch\/developpementdurable\/page-d-exemple\/a-propos\/les-objectifs-du-gymnase-dyverdon-en-matiere-dedd\/\">L&rsquo;Agenda 2030<\/a> du Gymnase d&rsquo;Yverdon est officiellement entr\u00e9 en vigueur en d\u00e9cembre 2020 et il est disponible en <a href=\"https:\/\/www.gyyv.vd.ch\/developpementdurable\/page-d-exemple\/a-propos\/les-objectifs-du-gymnase-dyverdon-en-matiere-dedd\/\">t\u00e9l\u00e9chargement<\/a>.<\/p>\n<p style=\"text-align: center\"><a href=\"https:\/\/www.gyyv.vd.ch\/developpementdurable\/page-d-exemple\/a-propos\/les-objectifs-du-gymnase-dyverdon-en-matiere-dedd\/\"><img loading=\"lazy\" decoding=\"async\" class=\"alignnone size-medium wp-image-2929\" src=\"https:\/\/www.gyyv.vd.ch\/developpementdurable\/wp-content\/uploads\/sites\/13\/2020\/09\/Logo_Agenda2030-295x300.jpg\" alt=\"\" width=\"295\" height=\"300\" \/><\/a><\/p>\n<p>Des enseignant-e-s et des \u00e9l\u00e8ves du Gymnase d\u2019Yverdon s\u2019engagent <a href=\"https:\/\/www.gyyv.vd.ch\/developpementdurable\/page-d-exemple\/a-propos\/historique-le-developpement-durable-au-gyyv\/\">depuis 2010<\/a> en faveur de la durabilit\u00e9. Fort de cet investissement, un concept global de durabilit\u00e9 pour l\u2019\u00e9tablissement a \u00e9t\u00e9 d\u00e9velopp\u00e9 de mani\u00e8re participative entre janvier 2019 et septembre 2020 et celui-ci est intitul\u00e9 \u00ab <a href=\"https:\/\/www.gyyv.vd.ch\/developpementdurable\/page-d-exemple\/a-propos\/les-objectifs-du-gymnase-dyverdon-en-matiere-dedd\/\">Agenda 2030 du Gymnase d\u2019Yverdon<\/a> \u00bb.<\/p>\n<p>Il s\u2019inscrit dans la continuit\u00e9 de l\u2019action pass\u00e9e incarn\u00e9e par le travail des \u00e9l\u00e8ves et des enseignant-e-s et dans le sens de la r\u00e9alisation de la mission de service public du gymnase. Dans cette perspective et en tant qu\u2019institution de formation, le Gymnase souhaite assumer sa part de responsabilit\u00e9 vis-\u00e0-vis des g\u00e9n\u00e9rations pr\u00e9sentes et futures en mobilisant ses comp\u00e9tences en sciences humaines, sociales, naturelles et techniques pour comprendre les m\u00e9canismes conduisant aux d\u00e9s\u00e9quilibres actuels et offrir un cadre aux \u00e9l\u00e8ves et au personnel du Gymnase pour incarner de mani\u00e8re critique une transition vers une soci\u00e9t\u00e9 plus r\u00e9siliente.<\/p>\n<p>Le pilotage et la mise en \u0153uvre de l\u2019Agenda 2030 sera assur\u00e9 par la <a href=\"https:\/\/www.gyyv.vd.ch\/developpementdurable\/page-d-exemple\/a-propos\/equipe\/\">Commission de la durabilit\u00e9<\/a>. Celle-ci est compos\u00e9e\u00a0:<\/p>\n<ul>\n<li>De membres statutaires choisis par la direction\u00a0: d\u00e9l\u00e9gu\u00e9-e \u00e0 la durabilit\u00e9 (pr\u00e9sident-e), d\u00e9l\u00e9gu\u00e9-e PSPS, membre de la direction\u00a0;<\/li>\n<li>D\u2019un comit\u00e9 \u00e9largi\u00a0: 3 enseignant-e-s, 3 \u00e9l\u00e8ves, 3 repr\u00e9sentant-e-s du personnel auxiliaire, administratif ou technique. Ceux-ci sont \u00e9lus respectivement par la Conf\u00e9rence des ma\u00eetre-sse-s, par le Conseil des d\u00e9l\u00e9gu\u00e9s et par l\u2019Assembl\u00e9e du personnel administratif et technique\u00a0;<\/li>\n<li>La Commission peut s\u2019adjoindre des membres externes qui ont une voix consultative\u00a0;<\/li>\n<\/ul>\n<p>Cette Commission a pour mission g\u00e9n\u00e9rale de soutenir la d\u00e9marche du Gymnase dans le domaine de la durabilit\u00e9 et elle agit dans le cadre de l\u2019Agenda 2030 du Gymnase d\u2019Yverdon.<\/p>\n","protected":false},"excerpt":{"rendered":"<p>L&rsquo;Agenda 2030 du Gymnase d&rsquo;Yverdon est officiellement entr\u00e9 en vigueur en d\u00e9cembre 2020 et il est disponible en t\u00e9l\u00e9chargement. Des enseignant-e-s et des \u00e9l\u00e8ves du Gymnase d\u2019Yverdon s\u2019engagent depuis 2010 en faveur de la durabilit\u00e9. Fort de cet investissement, un concept global de durabilit\u00e9 pour l\u2019\u00e9tablissement a \u00e9t\u00e9 d\u00e9velopp\u00e9 de &#8230;<\/p>\n<p> <a class=\"continue-reading-link\" href=\"https:\/\/gymnase-yverdon.ch\/developpementdurable\/2020\/11\/27\/agenda-2030-du-gymnase-dyverdon\/\"><span>Continue reading<\/span><i class=\"crycon-right-dir\"><\/i><\/a> <\/p>\n","protected":false},"author":13,"featured_media":2929,"comment_status":"closed","ping_status":"closed","sticky":false,"template":"","format":"standard","meta":{"inline_featured_image":false,"footnotes":""},"categories":[16],"tags":[],"class_list":["post-2941","post","type-post","status-publish","format-standard","has-post-thumbnail","hentry","category-generalites"],"_links":{"self":[{"href":"https:\/\/gymnase-yverdon.ch\/developpementdurable\/wp-json\/wp\/v2\/posts\/2941","targetHints":{"allow":["GET"]}}],"collection":[{"href":"https:\/\/gymnase-yverdon.ch\/developpementdurable\/wp-json\/wp\/v2\/posts"}],"about":[{"href":"https:\/\/gymnase-yverdon.ch\/developpementdurable\/wp-json\/wp\/v2\/types\/post"}],"author":[{"embeddable":true,"href":"https:\/\/gymnase-yverdon.ch\/developpementdurable\/wp-json\/wp\/v2\/users\/13"}],"replies":[{"embeddable":true,"href":"https:\/\/gymnase-yverdon.ch\/developpementdurable\/wp-json\/wp\/v2\/comments?post=2941"}],"version-history":[{"count":0,"href":"https:\/\/gymnase-yverdon.ch\/developpementdurable\/wp-json\/wp\/v2\/posts\/2941\/revisions"}],"wp:featuredmedia":[{"embeddable":true,"href":"https:\/\/gymnase-yverdon.ch\/developpementdurable\/wp-json\/wp\/v2\/media\/2929"}],"wp:attachment":[{"href":"https:\/\/gymnase-yverdon.ch\/developpementdurable\/wp-json\/wp\/v2\/media?parent=2941"}],"wp:term":[{"taxonomy":"category","embeddable":true,"href":"https:\/\/gymnase-yverdon.ch\/developpementdurable\/wp-json\/wp\/v2\/categories?post=2941"},{"taxonomy":"post_tag","embeddable":true,"href":"https:\/\/gymnase-yverdon.ch\/developpementdurable\/wp-json\/wp\/v2\/tags?post=2941"}],"curies":[{"name":"wp","href":"https:\/\/api.w.org\/{rel}","templated":true}]}}