{"id":2701,"date":"2019-03-27T13:23:57","date_gmt":"2019-03-27T12:23:57","guid":{"rendered":"https:\/\/www.gyyv.vd.ch\/developpementdurable\/?p=2701"},"modified":"2019-03-27T13:23:57","modified_gmt":"2019-03-27T12:23:57","slug":"vallorbe-en-transition-un-projet-en-plein-developpement","status":"publish","type":"post","link":"https:\/\/gymnase-yverdon.ch\/developpementdurable\/2019\/03\/27\/vallorbe-en-transition-un-projet-en-plein-developpement\/","title":{"rendered":"Vallorbe en transition &#8211; un projet en plein d\u00e9veloppement"},"content":{"rendered":"<p>Le <a href=\"https:\/\/www.gyyv.vd.ch\/developpementdurable\/2017\/04\/11\/vallorbe-prochain-village-en-transition\/\">projet initi\u00e9 au GYYV par Leslie Uldry<\/a> se d\u00e9veloppe \u00e0 Vallorbe comme le relate cet article de l&rsquo;Omnibus :<\/p>\n<div id=\"attachment_2704\" style=\"width: 285px\" class=\"wp-caption aligncenter\"><a href=\"http:\/\/gymnase-yverdon.ch\/developpementdurable\/wp-content\/uploads\/sites\/5\/2019\/03\/Vallorbe-en-transition-Omnibus-22.03.19-2-2.pdf\"><img loading=\"lazy\" decoding=\"async\" aria-describedby=\"caption-attachment-2704\" class=\"wp-image-2704\" src=\"http:\/\/gymnase-yverdon.ch\/developpementdurable\/wp-content\/uploads\/sites\/5\/2019\/03\/Vallorbe-en-transition-Omnibus-22.03.19-2-239x300.jpg\" alt=\"\" width=\"275\" height=\"346\" srcset=\"https:\/\/gymnase-yverdon.ch\/developpementdurable\/wp-content\/uploads\/sites\/5\/2019\/03\/Vallorbe-en-transition-Omnibus-22.03.19-2-239x300.jpg 239w, https:\/\/gymnase-yverdon.ch\/developpementdurable\/wp-content\/uploads\/sites\/5\/2019\/03\/Vallorbe-en-transition-Omnibus-22.03.19-2.jpg 524w\" sizes=\"auto, (max-width: 275px) 100vw, 275px\" \/><\/a><p id=\"caption-attachment-2704\" class=\"wp-caption-text\">Omnibus &#8211; Une montagne d&rsquo;id\u00e9es \u00e0 r\u00e9aliser &#8211; 23.03.19 (Leslie Uldry, troisi\u00e8me depuis la droite)<\/p><\/div>\n<p>L&rsquo;association \u00ab\u00a0Vallorbe &#8211; transition\u00a0\u00bb sera officiellement constitu\u00e9e le 3 mai 2019 au Casino de Vallorbe par une assembl\u00e9e g\u00e9n\u00e9rale.<\/p>\n<p>&nbsp;<\/p>\n<p>&nbsp;<\/p>\n<p>&nbsp;<\/p>\n<p>&nbsp;<\/p>\n","protected":false},"excerpt":{"rendered":"<p>Le projet initi\u00e9 au GYYV par Leslie Uldry se d\u00e9veloppe \u00e0 Vallorbe comme le relate cet article de l&rsquo;Omnibus : L&rsquo;association \u00ab\u00a0Vallorbe &#8211; transition\u00a0\u00bb sera officiellement constitu\u00e9e le 3 mai 2019 au Casino de Vallorbe par une assembl\u00e9e g\u00e9n\u00e9rale. &nbsp; &nbsp; &nbsp; &nbsp;<\/p>\n<p> <a class=\"continue-reading-link\" href=\"https:\/\/gymnase-yverdon.ch\/developpementdurable\/2019\/03\/27\/vallorbe-en-transition-un-projet-en-plein-developpement\/\"><span>Continue reading<\/span><i class=\"crycon-right-dir\"><\/i><\/a> <\/p>\n","protected":false},"author":13,"featured_media":2239,"comment_status":"closed","ping_status":"closed","sticky":false,"template":"","format":"standard","meta":{"inline_featured_image":false,"footnotes":""},"categories":[9,11,15],"tags":[],"class_list":["post-2701","post","type-post","status-publish","format-standard","has-post-thumbnail","hentry","category-cours-fac-dd","category-education-a-la-durabilite","category-francais"],"_links":{"self":[{"href":"https:\/\/gymnase-yverdon.ch\/developpementdurable\/wp-json\/wp\/v2\/posts\/2701","targetHints":{"allow":["GET"]}}],"collection":[{"href":"https:\/\/gymnase-yverdon.ch\/developpementdurable\/wp-json\/wp\/v2\/posts"}],"about":[{"href":"https:\/\/gymnase-yverdon.ch\/developpementdurable\/wp-json\/wp\/v2\/types\/post"}],"author":[{"embeddable":true,"href":"https:\/\/gymnase-yverdon.ch\/developpementdurable\/wp-json\/wp\/v2\/users\/13"}],"replies":[{"embeddable":true,"href":"https:\/\/gymnase-yverdon.ch\/developpementdurable\/wp-json\/wp\/v2\/comments?post=2701"}],"version-history":[{"count":0,"href":"https:\/\/gymnase-yverdon.ch\/developpementdurable\/wp-json\/wp\/v2\/posts\/2701\/revisions"}],"wp:featuredmedia":[{"embeddable":true,"href":"https:\/\/gymnase-yverdon.ch\/developpementdurable\/wp-json\/wp\/v2\/media\/2239"}],"wp:attachment":[{"href":"https:\/\/gymnase-yverdon.ch\/developpementdurable\/wp-json\/wp\/v2\/media?parent=2701"}],"wp:term":[{"taxonomy":"category","embeddable":true,"href":"https:\/\/gymnase-yverdon.ch\/developpementdurable\/wp-json\/wp\/v2\/categories?post=2701"},{"taxonomy":"post_tag","embeddable":true,"href":"https:\/\/gymnase-yverdon.ch\/developpementdurable\/wp-json\/wp\/v2\/tags?post=2701"}],"curies":[{"name":"wp","href":"https:\/\/api.w.org\/{rel}","templated":true}]}}