{"id":2411,"date":"2018-05-14T21:19:25","date_gmt":"2018-05-14T20:19:25","guid":{"rendered":"https:\/\/www.gyyv.vd.ch\/developpementdurable\/?p=2411"},"modified":"2018-05-14T21:19:25","modified_gmt":"2018-05-14T20:19:25","slug":"collecte-dhabits-pour-un-orphelinat-au-togo","status":"publish","type":"post","link":"https:\/\/gymnase-yverdon.ch\/developpementdurable\/2018\/05\/14\/collecte-dhabits-pour-un-orphelinat-au-togo\/","title":{"rendered":"Collecte d&rsquo;habits pour un orphelinat au Togo"},"content":{"rendered":"<p>Face au gaspillage vestimentaire important de nos soci\u00e9t\u00e9s d\u00e9velopp\u00e9es, Zo\u00e9 Vuilleumier et Ma\u00eft\u00e9 Perakis ont d\u00e9cid\u00e9, dans le cadre de leur projet au sein du <a href=\"https:\/\/www.gyyv.vd.ch\/developpementdurable\/page-d-exemple\/etudes-et-recherche\/cours-facultatif-sur-le-dd\/les-projets-2017-18\/\">cours fac sur le d\u00e9veloppement durable<\/a>, de mettre sur pied une collecte d&rsquo;habits au profit d&rsquo;un orphelinat au Togo.<\/p>\n<div id=\"attachment_2498\" style=\"width: 310px\" class=\"wp-caption aligncenter\"><a href=\"http:\/\/gymnase-yverdon.ch\/developpementdurable\/wp-content\/uploads\/sites\/5\/2018\/05\/TN_2018_070-2-2.jpg\"><img loading=\"lazy\" decoding=\"async\" aria-describedby=\"caption-attachment-2498\" class=\"wp-image-2498 size-medium\" src=\"http:\/\/gymnase-yverdon.ch\/developpementdurable\/wp-content\/uploads\/sites\/5\/2018\/05\/TN_2018_070-2-300x200.jpg\" alt=\"\" width=\"300\" height=\"200\" srcset=\"https:\/\/gymnase-yverdon.ch\/developpementdurable\/wp-content\/uploads\/sites\/5\/2018\/05\/TN_2018_070-2-300x200.jpg 300w, https:\/\/gymnase-yverdon.ch\/developpementdurable\/wp-content\/uploads\/sites\/5\/2018\/05\/TN_2018_070-2-1024x683.jpg 1024w, https:\/\/gymnase-yverdon.ch\/developpementdurable\/wp-content\/uploads\/sites\/5\/2018\/05\/TN_2018_070-2-768x512.jpg 768w, https:\/\/gymnase-yverdon.ch\/developpementdurable\/wp-content\/uploads\/sites\/5\/2018\/05\/TN_2018_070-2.jpg 1200w\" sizes=\"auto, (max-width: 300px) 100vw, 300px\" \/><\/a><p id=\"caption-attachment-2498\" class=\"wp-caption-text\">Zo\u00e9 et Ma\u00eft\u00e9 pr\u00e9sentant leur projet lors de la 3e Journ\u00e9e de la Terre nourrici\u00e8re.<\/p><\/div>\n<p>Pour ce faire, elles ont d\u00e9cid\u00e9 d&rsquo;intervenir dans plusieurs classes au coll\u00e8ge de Sainte-Croix, en collaboration avec trois enseignants de g\u00e9ographie, pour \u00ab\u00a0sensibiliser les jeunes \u00e0 leur propre surconsommation et gaspillage mais \u00e9galement leur apporter diff\u00e9rentes solutions pour lutter contre ces ph\u00e9nom\u00e8nes qui sont faits, la plupart du temps, de mani\u00e8re inconsciente\u00a0\u00bb, expliquent-elles.<\/p>\n<div id=\"attachment_2412\" style=\"width: 329px\" class=\"wp-caption aligncenter\"><a href=\"http:\/\/gymnase-yverdon.ch\/developpementdurable\/wp-content\/uploads\/sites\/5\/2018\/05\/Eleves-de-la-classe-11VG-College-de-Sainte-Croix-2-2.jpg\"><img loading=\"lazy\" decoding=\"async\" aria-describedby=\"caption-attachment-2412\" class=\"wp-image-2412\" src=\"http:\/\/gymnase-yverdon.ch\/developpementdurable\/wp-content\/uploads\/sites\/5\/2018\/05\/Eleves-de-la-classe-11VG-College-de-Sainte-Croix-2-2.jpg\" alt=\"\" width=\"319\" height=\"182\" \/><\/a><p id=\"caption-attachment-2412\" class=\"wp-caption-text\">El\u00e8ves de la classe 11VG au Coll\u00e8ge de Sainte-Croix<\/p><\/div>\n<p>Une fois les cours donn\u00e9s, les \u00e9l\u00e8ves ont \u00e9t\u00e9 sollicit\u00e9s pour r\u00e9colter des habits au profit de l&rsquo;<a href=\"http:\/\/www.enfants-de-aneho.com\/orphelinat-aneho\/\" target=\"_blank\" rel=\"noopener noreferrer\">orphelinat An\u00e9ho<\/a> au Togo que Ma\u00eft\u00e9 a eu l&rsquo;occasion de visiter. Les contributions ont \u00e9t\u00e9 nombreuses et Zo\u00e9 et Ma\u00eft\u00e9 vont pouvoir envoyer les habits \u00e0 l&rsquo;orphelinat dans les semaines \u00e0 venir.<\/p>\n<div id=\"attachment_2413\" style=\"width: 310px\" class=\"wp-caption aligncenter\"><a href=\"http:\/\/gymnase-yverdon.ch\/developpementdurable\/wp-content\/uploads\/sites\/5\/2018\/05\/Orphelinat-Divine-Providence-dAhneo-Togo-2-2.jpg\"><img loading=\"lazy\" decoding=\"async\" aria-describedby=\"caption-attachment-2413\" class=\"wp-image-2413 size-medium\" src=\"http:\/\/gymnase-yverdon.ch\/developpementdurable\/wp-content\/uploads\/sites\/5\/2018\/05\/Orphelinat-Divine-Providence-dAhneo-Togo-2-300x169.jpg\" alt=\"\" width=\"300\" height=\"169\" srcset=\"https:\/\/gymnase-yverdon.ch\/developpementdurable\/wp-content\/uploads\/sites\/5\/2018\/05\/Orphelinat-Divine-Providence-dAhneo-Togo-2-300x169.jpg 300w, https:\/\/gymnase-yverdon.ch\/developpementdurable\/wp-content\/uploads\/sites\/5\/2018\/05\/Orphelinat-Divine-Providence-dAhneo-Togo-2-1024x576.jpg 1024w, https:\/\/gymnase-yverdon.ch\/developpementdurable\/wp-content\/uploads\/sites\/5\/2018\/05\/Orphelinat-Divine-Providence-dAhneo-Togo-2-768x432.jpg 768w, https:\/\/gymnase-yverdon.ch\/developpementdurable\/wp-content\/uploads\/sites\/5\/2018\/05\/Orphelinat-Divine-Providence-dAhneo-Togo-2.jpg 1328w\" sizes=\"auto, (max-width: 300px) 100vw, 300px\" \/><\/a><p id=\"caption-attachment-2413\" class=\"wp-caption-text\"><a href=\"http:\/\/www.enfants-de-aneho.com\/orphelinat-aneho\/\" target=\"_blank\" rel=\"noopener noreferrer\">Orphelinat An\u00e9ho<\/a> au Togo<\/p><\/div>\n","protected":false},"excerpt":{"rendered":"<p>Face au gaspillage vestimentaire important de nos soci\u00e9t\u00e9s d\u00e9velopp\u00e9es, Zo\u00e9 Vuilleumier et Ma\u00eft\u00e9 Perakis ont d\u00e9cid\u00e9, dans le cadre de leur projet au sein du cours fac sur le d\u00e9veloppement durable, de mettre sur pied une collecte d&rsquo;habits au profit d&rsquo;un orphelinat au Togo. Pour ce faire, elles ont d\u00e9cid\u00e9 &#8230;<\/p>\n<p> <a class=\"continue-reading-link\" href=\"https:\/\/gymnase-yverdon.ch\/developpementdurable\/2018\/05\/14\/collecte-dhabits-pour-un-orphelinat-au-togo\/\"><span>Continue reading<\/span><i class=\"crycon-right-dir\"><\/i><\/a> <\/p>\n","protected":false},"author":13,"featured_media":2413,"comment_status":"closed","ping_status":"closed","sticky":false,"template":"","format":"standard","meta":{"inline_featured_image":false,"footnotes":""},"categories":[9,11,17,20,24],"tags":[],"class_list":["post-2411","post","type-post","status-publish","format-standard","has-post-thumbnail","hentry","category-cours-fac-dd","category-education-a-la-durabilite","category-geographie","category-journee-de-la-terre-nourriciere","category-social"],"_links":{"self":[{"href":"https:\/\/gymnase-yverdon.ch\/developpementdurable\/wp-json\/wp\/v2\/posts\/2411","targetHints":{"allow":["GET"]}}],"collection":[{"href":"https:\/\/gymnase-yverdon.ch\/developpementdurable\/wp-json\/wp\/v2\/posts"}],"about":[{"href":"https:\/\/gymnase-yverdon.ch\/developpementdurable\/wp-json\/wp\/v2\/types\/post"}],"author":[{"embeddable":true,"href":"https:\/\/gymnase-yverdon.ch\/developpementdurable\/wp-json\/wp\/v2\/users\/13"}],"replies":[{"embeddable":true,"href":"https:\/\/gymnase-yverdon.ch\/developpementdurable\/wp-json\/wp\/v2\/comments?post=2411"}],"version-history":[{"count":0,"href":"https:\/\/gymnase-yverdon.ch\/developpementdurable\/wp-json\/wp\/v2\/posts\/2411\/revisions"}],"wp:featuredmedia":[{"embeddable":true,"href":"https:\/\/gymnase-yverdon.ch\/developpementdurable\/wp-json\/wp\/v2\/media\/2413"}],"wp:attachment":[{"href":"https:\/\/gymnase-yverdon.ch\/developpementdurable\/wp-json\/wp\/v2\/media?parent=2411"}],"wp:term":[{"taxonomy":"category","embeddable":true,"href":"https:\/\/gymnase-yverdon.ch\/developpementdurable\/wp-json\/wp\/v2\/categories?post=2411"},{"taxonomy":"post_tag","embeddable":true,"href":"https:\/\/gymnase-yverdon.ch\/developpementdurable\/wp-json\/wp\/v2\/tags?post=2411"}],"curies":[{"name":"wp","href":"https:\/\/api.w.org\/{rel}","templated":true}]}}