{"id":2359,"date":"2018-05-04T21:29:51","date_gmt":"2018-05-04T20:29:51","guid":{"rendered":"https:\/\/www.gyyv.vd.ch\/developpementdurable\/?p=2359"},"modified":"2018-05-04T21:29:51","modified_gmt":"2018-05-04T20:29:51","slug":"construction-dun-puits-en-gambie","status":"publish","type":"post","link":"https:\/\/gymnase-yverdon.ch\/developpementdurable\/2018\/05\/04\/construction-dun-puits-en-gambie\/","title":{"rendered":"Construction d&rsquo;un puits en Gambie"},"content":{"rendered":"<p>Un des enjeux du XXIe si\u00e8cle est celui de l&rsquo;acc\u00e8s \u00e0 l&rsquo;eau potable, en particulier pour les pays du Sud, et c&rsquo;est pour cette raison que l&rsquo;ONU en a fait un <a href=\"https:\/\/www.un.org\/sustainabledevelopment\/fr\/water-and-sanitation\/\" target=\"_blank\" rel=\"noopener noreferrer\">objectif de d\u00e9veloppement durable \u00e0 l&rsquo;horizon 2030<\/a>. Le continent africain est particuli\u00e8rement touch\u00e9 par le ph\u00e9nom\u00e8ne puisque plus de 320 millions d&rsquo;africains (1\/3 de la population du continent) n&rsquo;ont pas acc\u00e8s \u00e0 de l&rsquo;eau potable. Ceci est toutefois paradoxal car l&rsquo;Afrique dispose de 5000 milliards de m3 d&rsquo;eau : comment expliquer alors qu&rsquo;autant de personnes souffrent du manque d&rsquo;eau ?<\/p>\n<div id=\"attachment_2360\" style=\"width: 910px\" class=\"wp-caption aligncenter\"><a href=\"http:\/\/gymnase-yverdon.ch\/developpementdurable\/wp-content\/uploads\/sites\/5\/2018\/05\/Lacces-a-leau-potable-dans-le-monde-La-Croix-2015-2-2.jpg\"><img loading=\"lazy\" decoding=\"async\" aria-describedby=\"caption-attachment-2360\" class=\"wp-image-2360 size-large\" src=\"http:\/\/gymnase-yverdon.ch\/developpementdurable\/wp-content\/uploads\/sites\/5\/2018\/05\/Lacces-a-leau-potable-dans-le-monde-La-Croix-2015-2-1024x559.jpg\" alt=\"\" width=\"900\" height=\"491\" srcset=\"https:\/\/gymnase-yverdon.ch\/developpementdurable\/wp-content\/uploads\/sites\/5\/2018\/05\/Lacces-a-leau-potable-dans-le-monde-La-Croix-2015-2-1024x559.jpg 1024w, https:\/\/gymnase-yverdon.ch\/developpementdurable\/wp-content\/uploads\/sites\/5\/2018\/05\/Lacces-a-leau-potable-dans-le-monde-La-Croix-2015-2-300x164.jpg 300w, https:\/\/gymnase-yverdon.ch\/developpementdurable\/wp-content\/uploads\/sites\/5\/2018\/05\/Lacces-a-leau-potable-dans-le-monde-La-Croix-2015-2-768x419.jpg 768w, https:\/\/gymnase-yverdon.ch\/developpementdurable\/wp-content\/uploads\/sites\/5\/2018\/05\/Lacces-a-leau-potable-dans-le-monde-La-Croix-2015-2.jpg 1399w\" sizes=\"auto, (max-width: 900px) 100vw, 900px\" \/><\/a><p id=\"caption-attachment-2360\" class=\"wp-caption-text\">Acc\u00e8s \u00e0 l&rsquo;eau potable dans le monde &#8211; Source : https:\/\/www.la-croix.com\/Ethique\/Environnement\/Comprendre-les-objectifs-du-developpement-durable-2015-10-06-1365248<\/p><\/div>\n<p>Une des explications tient du fait que si les r\u00e9serves d&rsquo;eau sont pr\u00e9sentes, elles ne sont pas accessibles car des infrastructures co\u00fbteuses sont n\u00e9cessaires pour extraire la ressource. Consciente de ce probl\u00e8me, Manon Chapuis a d\u00e9cid\u00e9 de mettre sur pied un projet, dans le cadre de <a href=\"https:\/\/www.gyyv.vd.ch\/developpementdurable\/page-d-exemple\/etudes-et-recherche\/geographie\/oc-2017-18\/les-projets-2017-18\/\">l&rsquo;OC de g\u00e9ographie 2017-18<\/a>, visant \u00e0 r\u00e9unir les fonds n\u00e9cessaires pour permettre la construction d&rsquo;un puits dans un village en Gambie.<\/p>\n<p>Afin de r\u00e9unir les CHF 4000 francs pour la construction du puits, Manon va organiser des repas de soutien \u00e0 Sainte-Croix et \u00e0 Yverdon-les-Bains. Elle a \u00e9tabli des contacts avec une association en Gambie qui, par un heureux hasard, avait d\u00e9j\u00e0 tout mis en place pour la construction du puits mais \u00e0 qui il manquait les fonds.<\/p>\n<p>Manon pr\u00e9sentera son projet lors de la 3e Journ\u00e9e de la Terre nourrici\u00e8re qui aura lieu le 15 mai au Gymnase d&rsquo;Yverdon.<\/p>\n","protected":false},"excerpt":{"rendered":"<p>Un des enjeux du XXIe si\u00e8cle est celui de l&rsquo;acc\u00e8s \u00e0 l&rsquo;eau potable, en particulier pour les pays du Sud, et c&rsquo;est pour cette raison que l&rsquo;ONU en a fait un objectif de d\u00e9veloppement durable \u00e0 l&rsquo;horizon 2030. Le continent africain est particuli\u00e8rement touch\u00e9 par le ph\u00e9nom\u00e8ne puisque plus de &#8230;<\/p>\n<p> <a class=\"continue-reading-link\" href=\"https:\/\/gymnase-yverdon.ch\/developpementdurable\/2018\/05\/04\/construction-dun-puits-en-gambie\/\"><span>Continue reading<\/span><i class=\"crycon-right-dir\"><\/i><\/a> <\/p>\n","protected":false},"author":13,"featured_media":2360,"comment_status":"closed","ping_status":"closed","sticky":false,"template":"","format":"standard","meta":{"inline_featured_image":false,"footnotes":""},"categories":[11,17,20],"tags":[],"class_list":["post-2359","post","type-post","status-publish","format-standard","has-post-thumbnail","hentry","category-education-a-la-durabilite","category-geographie","category-journee-de-la-terre-nourriciere"],"_links":{"self":[{"href":"https:\/\/gymnase-yverdon.ch\/developpementdurable\/wp-json\/wp\/v2\/posts\/2359","targetHints":{"allow":["GET"]}}],"collection":[{"href":"https:\/\/gymnase-yverdon.ch\/developpementdurable\/wp-json\/wp\/v2\/posts"}],"about":[{"href":"https:\/\/gymnase-yverdon.ch\/developpementdurable\/wp-json\/wp\/v2\/types\/post"}],"author":[{"embeddable":true,"href":"https:\/\/gymnase-yverdon.ch\/developpementdurable\/wp-json\/wp\/v2\/users\/13"}],"replies":[{"embeddable":true,"href":"https:\/\/gymnase-yverdon.ch\/developpementdurable\/wp-json\/wp\/v2\/comments?post=2359"}],"version-history":[{"count":0,"href":"https:\/\/gymnase-yverdon.ch\/developpementdurable\/wp-json\/wp\/v2\/posts\/2359\/revisions"}],"wp:featuredmedia":[{"embeddable":true,"href":"https:\/\/gymnase-yverdon.ch\/developpementdurable\/wp-json\/wp\/v2\/media\/2360"}],"wp:attachment":[{"href":"https:\/\/gymnase-yverdon.ch\/developpementdurable\/wp-json\/wp\/v2\/media?parent=2359"}],"wp:term":[{"taxonomy":"category","embeddable":true,"href":"https:\/\/gymnase-yverdon.ch\/developpementdurable\/wp-json\/wp\/v2\/categories?post=2359"},{"taxonomy":"post_tag","embeddable":true,"href":"https:\/\/gymnase-yverdon.ch\/developpementdurable\/wp-json\/wp\/v2\/tags?post=2359"}],"curies":[{"name":"wp","href":"https:\/\/api.w.org\/{rel}","templated":true}]}}