{"id":2333,"date":"2018-04-29T18:40:53","date_gmt":"2018-04-29T17:40:53","guid":{"rendered":"https:\/\/www.gyyv.vd.ch\/developpementdurable\/?p=2333"},"modified":"2018-04-29T18:40:53","modified_gmt":"2018-04-29T17:40:53","slug":"prise-de-conscience-face-a-lindustrie-textile","status":"publish","type":"post","link":"https:\/\/gymnase-yverdon.ch\/developpementdurable\/2018\/04\/29\/prise-de-conscience-face-a-lindustrie-textile\/","title":{"rendered":"Prise de conscience face \u00e0 l&rsquo;industrie textile"},"content":{"rendered":"<p>Et si on d\u00e9butait cet article en mettant un avant, cette fois-ci, un chiffre qui nous pousse \u00e0 r\u00e9fl\u00e9chir quant \u00e0 nos pratiques de consommation ?<\/p>\n<p style=\"text-align: center\">\u00ab\u00a0De nos jours, les consommateurs ach\u00e8tent, en moyenne, plusieurs kilos d\u2019habits par an mais, sur ce total, <strong>pr\u00e8s 4 millions de tonnes sont jet\u00e9s par an en Europe.<\/strong>\u00ab\u00a0<\/p>\n<p>En plus de ce gaspillage vestimentaire alarmant, l&rsquo;industrie du textile conna\u00eet \u00e9galement de \u00ab\u00a0grandes probl\u00e9matiques li\u00e9es aux trois p\u00f4les du d\u00e9veloppement durable\u00a0\u00bb : conditions de travail d\u00e9plorables dans les usines textiles, exploitation du travail des enfants, industrie tr\u00e8s polluante ou encore certaines \u00ab\u00a0injustices\u00a0\u00bb \u00e9conomiques qui \u00e9branlent cette branche (salaire d&rsquo;un ouvrier versus chiffre d&rsquo;affaires d&rsquo;une marque comme <em>Nike<\/em>&#8230;).<\/p>\n<p style=\"text-align: center\">\u00ab\u00a0On assiste \u00e0 une \u00e9volution sans piti\u00e9 vers une mani\u00e8re de produire qui ne se soucie que des int\u00e9r\u00eats des grandes entreprises\u00a0\u00bb <em>The True Cost, <\/em>2015<\/p>\n<div id=\"attachment_2335\" style=\"width: 310px\" class=\"wp-caption aligncenter\"><a href=\"http:\/\/gymnase-yverdon.ch\/developpementdurable\/wp-content\/uploads\/sites\/5\/2018\/04\/clara-et-aricia-4-1-2-2.png\"><img loading=\"lazy\" decoding=\"async\" aria-describedby=\"caption-attachment-2335\" class=\"size-medium wp-image-2335\" src=\"http:\/\/gymnase-yverdon.ch\/developpementdurable\/wp-content\/uploads\/sites\/5\/2018\/04\/clara-et-aricia-4-1-2-300x145.png\" alt=\"\" width=\"300\" height=\"145\" \/><\/a><p id=\"caption-attachment-2335\" class=\"wp-caption-text\">Ouvri\u00e8res cambodgiennes en plein<br \/>travail : https:\/\/reseauinternational.net\/elles-preferentavorter-<br \/>plutot-que-de-perdre-leur-emploi-chez-hm-2\/:,<br \/>consult\u00e9 le 25.04.18.<\/p><\/div>\n<div id=\"attachment_2336\" style=\"width: 310px\" class=\"wp-caption aligncenter\"><a href=\"http:\/\/gymnase-yverdon.ch\/developpementdurable\/wp-content\/uploads\/sites\/5\/2018\/04\/clara-et-aricia-4-2-2-2.png\"><img loading=\"lazy\" decoding=\"async\" aria-describedby=\"caption-attachment-2336\" class=\"size-medium wp-image-2336\" src=\"http:\/\/gymnase-yverdon.ch\/developpementdurable\/wp-content\/uploads\/sites\/5\/2018\/04\/clara-et-aricia-4-2-2-300x200.png\" alt=\"\" width=\"300\" height=\"200\" \/><\/a><p id=\"caption-attachment-2336\" class=\"wp-caption-text\"><em>Blood River<\/em> appara\u00eet \u00e0 Hangzhou, en<br \/>Chine, \u00e0 cause de la pollution d\u00fb au textile :<br \/>https:\/\/www.gettyimages.fr\/%C3%A9v%C3%A9nement\/blood-river-appears-in-wenzhou-<br \/>504041581#river-turns-red-due-to-water-pollution-on-july-27-2014-in-hangzhou-pictureid452878870,<br \/>consult\u00e9 le 25.04.18.<\/p><\/div>\n<p>Ces constats ont effectivement profond\u00e9ment fait r\u00e9fl\u00e9chir deux \u00e9tudiantes du cours d&rsquo;<a href=\"https:\/\/www.gyyv.vd.ch\/developpementdurable\/page-d-exemple\/etudes-et-recherche\/geographie\/oc-2017-18\/\">OC G\u00e9ographie 2017-2018<\/a>, Clara Mastrullo et Aricia Buchs, qui ont d\u00e8s lors eu le souhait de mener un projet autour du questionnement suivant:<\/p>\n<p style=\"text-align: center\"><em>Comment att\u00e9nuer les probl\u00e8mes en lien avec l&rsquo;industrie du textile \u00e0 notre \u00e9chelle ?<\/em><\/p>\n<p>Lors de ce projet, elles ont analys\u00e9 en d\u00e9tails le fonctionnement g\u00e9n\u00e9ral de cette industrie du textile en se focalisant, plus pr\u00e9cis\u00e9ment, sur deux marques : <em>Nike<\/em> et <em>H&amp;M<\/em> ce qui leur a permis de d\u00e9velopper de solides connaissances dans ce domaine. Suite \u00e0 cela, elles ont ainsi pu proposer deux pistes de solutions afin d&rsquo;agir \u00e0 notre \u00e9chelle: le recyclage et l&rsquo;achat d&rsquo;habits produits de mani\u00e8re \u00e9thique par certaines marques vendues, notamment, en Suisse.<\/p>\n<p>Lors de la <a href=\"https:\/\/www.gyyv.vd.ch\/developpementdurable\/2018\/03\/21\/3e-journee-de-la-terre-nourriciere\/\">3\u00e8me Journ\u00e9e de la Terre Nourrici\u00e8re<\/a>, il vous sera possible d&rsquo;\u00e9toffer vos connaissances de cette vaste th\u00e9matique mais \u00e9galement de discuter des solutions que ces deux \u00e9tudiantes ont mises en avant. De plus, une activit\u00e9 tr\u00e8s originale et int\u00e9ressante sera propos\u00e9e \u00e0 leur stand&#8230;\u00a0 Mais chut, je n&rsquo;en dirai pas plus!<\/p>\n","protected":false},"excerpt":{"rendered":"<p>Et si on d\u00e9butait cet article en mettant un avant, cette fois-ci, un chiffre qui nous pousse \u00e0 r\u00e9fl\u00e9chir quant \u00e0 nos pratiques de consommation ? \u00ab\u00a0De nos jours, les consommateurs ach\u00e8tent, en moyenne, plusieurs kilos d\u2019habits par an mais, sur ce total, pr\u00e8s 4 millions de tonnes sont jet\u00e9s &#8230;<\/p>\n<p> <a class=\"continue-reading-link\" href=\"https:\/\/gymnase-yverdon.ch\/developpementdurable\/2018\/04\/29\/prise-de-conscience-face-a-lindustrie-textile\/\"><span>Continue reading<\/span><i class=\"crycon-right-dir\"><\/i><\/a> <\/p>\n","protected":false},"author":13,"featured_media":2335,"comment_status":"closed","ping_status":"closed","sticky":false,"template":"","format":"standard","meta":{"inline_featured_image":false,"footnotes":""},"categories":[11,13,17,20,23,24],"tags":[],"class_list":["post-2333","post","type-post","status-publish","format-standard","has-post-thumbnail","hentry","category-education-a-la-durabilite","category-environnement","category-geographie","category-journee-de-la-terre-nourriciere","category-sante-et-bien-etre","category-social"],"_links":{"self":[{"href":"https:\/\/gymnase-yverdon.ch\/developpementdurable\/wp-json\/wp\/v2\/posts\/2333","targetHints":{"allow":["GET"]}}],"collection":[{"href":"https:\/\/gymnase-yverdon.ch\/developpementdurable\/wp-json\/wp\/v2\/posts"}],"about":[{"href":"https:\/\/gymnase-yverdon.ch\/developpementdurable\/wp-json\/wp\/v2\/types\/post"}],"author":[{"embeddable":true,"href":"https:\/\/gymnase-yverdon.ch\/developpementdurable\/wp-json\/wp\/v2\/users\/13"}],"replies":[{"embeddable":true,"href":"https:\/\/gymnase-yverdon.ch\/developpementdurable\/wp-json\/wp\/v2\/comments?post=2333"}],"version-history":[{"count":0,"href":"https:\/\/gymnase-yverdon.ch\/developpementdurable\/wp-json\/wp\/v2\/posts\/2333\/revisions"}],"wp:featuredmedia":[{"embeddable":true,"href":"https:\/\/gymnase-yverdon.ch\/developpementdurable\/wp-json\/wp\/v2\/media\/2335"}],"wp:attachment":[{"href":"https:\/\/gymnase-yverdon.ch\/developpementdurable\/wp-json\/wp\/v2\/media?parent=2333"}],"wp:term":[{"taxonomy":"category","embeddable":true,"href":"https:\/\/gymnase-yverdon.ch\/developpementdurable\/wp-json\/wp\/v2\/categories?post=2333"},{"taxonomy":"post_tag","embeddable":true,"href":"https:\/\/gymnase-yverdon.ch\/developpementdurable\/wp-json\/wp\/v2\/tags?post=2333"}],"curies":[{"name":"wp","href":"https:\/\/api.w.org\/{rel}","templated":true}]}}