{"id":2317,"date":"2018-04-27T12:49:31","date_gmt":"2018-04-27T11:49:31","guid":{"rendered":"https:\/\/www.gyyv.vd.ch\/developpementdurable\/?p=2317"},"modified":"2018-04-27T12:49:31","modified_gmt":"2018-04-27T11:49:31","slug":"tri-des-dechets-au-gymnase","status":"publish","type":"post","link":"https:\/\/gymnase-yverdon.ch\/developpementdurable\/2018\/04\/27\/tri-des-dechets-au-gymnase\/","title":{"rendered":"Tri des d\u00e9chets au Gymnase"},"content":{"rendered":"<p style=\"text-align: center\">Comment convaincre les \u00e9tudiant-e-s de participer plus activement au tri des d\u00e9chets au sein du Gymnase d&rsquo;Yverdon?<\/p>\n<p>Malgr\u00e9 des infrastructures d\u00e9j\u00e0 nombreuses et de qualit\u00e9 sur le site de l&rsquo;\u00e9tablissement, il n&rsquo;est pas rare de constater que les bouteilles PET peinent parfois \u00e0 arriver dans la poubelle de tri qui leur sont d\u00e9di\u00e9es; idem pour les feuilles de papier peu utilis\u00e9es (ou qui ont \u00e9t\u00e9 imprim\u00e9es \u00e0 tort&#8230;) qui pourraient conna\u00eetre une seconde vie durant vos p\u00e9riodes d&rsquo;exercices en math\u00e9matiques, pour r\u00e9viser vos diff\u00e9rents vocabulaires ou tout simplement pour exprimer vos talents en dessin.<\/p>\n<p>Deux \u00e9tudiants de <a href=\"https:\/\/www.gyyv.vd.ch\/developpementdurable\/page-d-exemple\/etudes-et-recherche\/geographie\/oc-2017-18\/\">l&rsquo;OC G\u00e9ographie 2017-2018<\/a>, Alison Dos Santos et Didier Neuenschwander, ont donc souhait\u00e9 se donner pour mission d&rsquo;am\u00e9liorer encore quelque peu le tri au Gymnase mais \u00e9galement de proposer des visuels plus ludiques des diff\u00e9rentes poubelles de tri d\u00e9j\u00e0 pr\u00e9sentes.<\/p>\n<div id=\"attachment_2318\" style=\"width: 310px\" class=\"wp-caption aligncenter\"><a href=\"http:\/\/gymnase-yverdon.ch\/developpementdurable\/wp-content\/uploads\/sites\/5\/2018\/04\/didier-et-alison-3-3.png\"><img loading=\"lazy\" decoding=\"async\" aria-describedby=\"caption-attachment-2318\" class=\"size-medium wp-image-2318\" src=\"http:\/\/gymnase-yverdon.ch\/developpementdurable\/wp-content\/uploads\/sites\/5\/2018\/04\/didier-et-alison-3-300x201.png\" alt=\"\" width=\"300\" height=\"201\" srcset=\"https:\/\/gymnase-yverdon.ch\/developpementdurable\/wp-content\/uploads\/sites\/5\/2018\/04\/didier-et-alison-3-300x201.png 300w, https:\/\/gymnase-yverdon.ch\/developpementdurable\/wp-content\/uploads\/sites\/5\/2018\/04\/didier-et-alison-3-768x514.png 768w, https:\/\/gymnase-yverdon.ch\/developpementdurable\/wp-content\/uploads\/sites\/5\/2018\/04\/didier-et-alison-3.png 852w\" sizes=\"auto, (max-width: 300px) 100vw, 300px\" \/><\/a><p id=\"caption-attachment-2318\" class=\"wp-caption-text\">Exemple de cendrier sous forme d\u2019urne de<br \/>vote tir\u00e9 du site https:\/\/budgetparticipatif.montreuil.fr\/<\/p><\/div>\n<div id=\"attachment_2319\" style=\"width: 251px\" class=\"wp-caption aligncenter\"><a href=\"http:\/\/gymnase-yverdon.ch\/developpementdurable\/wp-content\/uploads\/sites\/5\/2018\/04\/Capture-decran-2018-04-26-a-19.36.04-1.png\"><img loading=\"lazy\" decoding=\"async\" aria-describedby=\"caption-attachment-2319\" class=\"wp-image-2319 size-medium\" src=\"http:\/\/gymnase-yverdon.ch\/developpementdurable\/wp-content\/uploads\/sites\/5\/2018\/04\/Capture-decran-2018-04-26-a-19.36.04-1-241x300.png\" alt=\"\" width=\"241\" height=\"300\" srcset=\"https:\/\/gymnase-yverdon.ch\/developpementdurable\/wp-content\/uploads\/sites\/5\/2018\/04\/Capture-decran-2018-04-26-a-19.36.04-1-241x300.png 241w, https:\/\/gymnase-yverdon.ch\/developpementdurable\/wp-content\/uploads\/sites\/5\/2018\/04\/Capture-decran-2018-04-26-a-19.36.04-1.png 468w\" sizes=\"auto, (max-width: 241px) 100vw, 241px\" \/><\/a><p id=\"caption-attachment-2319\" class=\"wp-caption-text\">Poubelle de classe destin\u00e9e \u00e0 \u00eatre incin\u00e9r\u00e9e et contenant pourtant du PET ainsi que du papier&#8230;<\/p><\/div>\n<p>Afin de rendre plus ludique certaines poubelles de tri, ces derni\u00e8res vont \u00eatre d\u00e9cor\u00e9es et l&rsquo;une d&rsquo;entre elles aura m\u00eame la chance d&rsquo;\u00eatre orn\u00e9e d&rsquo;un petit panier de basket r\u00e9alis\u00e9 par les \u00e9tudiants eux-m\u00eames.<\/p>\n<div id=\"attachment_2320\" style=\"width: 190px\" class=\"wp-caption aligncenter\"><a href=\"http:\/\/gymnase-yverdon.ch\/developpementdurable\/wp-content\/uploads\/sites\/5\/2018\/04\/didier-et-alison-3-2-2-2.png\"><img loading=\"lazy\" decoding=\"async\" aria-describedby=\"caption-attachment-2320\" class=\"size-medium wp-image-2320\" src=\"http:\/\/gymnase-yverdon.ch\/developpementdurable\/wp-content\/uploads\/sites\/5\/2018\/04\/didier-et-alison-3-2-2-180x300.png\" alt=\"\" width=\"180\" height=\"300\" \/><\/a><p id=\"caption-attachment-2320\" class=\"wp-caption-text\">Panier de basket \u00ab\u00a0fait maison\u00a0\u00bb pour une poubelle PET.<\/p><\/div>\n<p>Enfin, pour compl\u00e9ter leur projet, des bacs de feuilles de brouillon seront install\u00e9s dans des endroits strat\u00e9giques du gymnase et quelques affiches de sensibilisation seront \u00e9galement produites pour faire r\u00e9fl\u00e9chir leurs camarades par rapport \u00e0 la th\u00e9matique du tri des d\u00e9chets.<\/p>\n<p style=\"text-align: center\">Afin de d\u00e9couvrir leur projet ainsi que leurs r\u00e9alisations, rendez-vous \u00e0 la <a href=\"https:\/\/www.gyyv.vd.ch\/developpementdurable\/2018\/03\/21\/3e-journee-de-la-terre-nourriciere\/\">3\u00e8me Journ\u00e9e de la Terre Nourrici\u00e8re<\/a> qui se tiendra le mardi 15 mai prochain au Gymnase d&rsquo;Yverdon.<\/p>\n","protected":false},"excerpt":{"rendered":"<p>Comment convaincre les \u00e9tudiant-e-s de participer plus activement au tri des d\u00e9chets au sein du Gymnase d&rsquo;Yverdon? Malgr\u00e9 des infrastructures d\u00e9j\u00e0 nombreuses et de qualit\u00e9 sur le site de l&rsquo;\u00e9tablissement, il n&rsquo;est pas rare de constater que les bouteilles PET peinent parfois \u00e0 arriver dans la poubelle de tri qui &#8230;<\/p>\n<p> <a class=\"continue-reading-link\" href=\"https:\/\/gymnase-yverdon.ch\/developpementdurable\/2018\/04\/27\/tri-des-dechets-au-gymnase\/\"><span>Continue reading<\/span><i class=\"crycon-right-dir\"><\/i><\/a> <\/p>\n","protected":false},"author":13,"featured_media":2324,"comment_status":"closed","ping_status":"closed","sticky":false,"template":"","format":"standard","meta":{"inline_featured_image":false,"footnotes":""},"categories":[11,13,17,20,27],"tags":[],"class_list":["post-2317","post","type-post","status-publish","format-standard","has-post-thumbnail","hentry","category-education-a-la-durabilite","category-environnement","category-geographie","category-journee-de-la-terre-nourriciere","category-tri-des-dechets"],"_links":{"self":[{"href":"https:\/\/gymnase-yverdon.ch\/developpementdurable\/wp-json\/wp\/v2\/posts\/2317","targetHints":{"allow":["GET"]}}],"collection":[{"href":"https:\/\/gymnase-yverdon.ch\/developpementdurable\/wp-json\/wp\/v2\/posts"}],"about":[{"href":"https:\/\/gymnase-yverdon.ch\/developpementdurable\/wp-json\/wp\/v2\/types\/post"}],"author":[{"embeddable":true,"href":"https:\/\/gymnase-yverdon.ch\/developpementdurable\/wp-json\/wp\/v2\/users\/13"}],"replies":[{"embeddable":true,"href":"https:\/\/gymnase-yverdon.ch\/developpementdurable\/wp-json\/wp\/v2\/comments?post=2317"}],"version-history":[{"count":0,"href":"https:\/\/gymnase-yverdon.ch\/developpementdurable\/wp-json\/wp\/v2\/posts\/2317\/revisions"}],"wp:featuredmedia":[{"embeddable":true,"href":"https:\/\/gymnase-yverdon.ch\/developpementdurable\/wp-json\/wp\/v2\/media\/2324"}],"wp:attachment":[{"href":"https:\/\/gymnase-yverdon.ch\/developpementdurable\/wp-json\/wp\/v2\/media?parent=2317"}],"wp:term":[{"taxonomy":"category","embeddable":true,"href":"https:\/\/gymnase-yverdon.ch\/developpementdurable\/wp-json\/wp\/v2\/categories?post=2317"},{"taxonomy":"post_tag","embeddable":true,"href":"https:\/\/gymnase-yverdon.ch\/developpementdurable\/wp-json\/wp\/v2\/tags?post=2317"}],"curies":[{"name":"wp","href":"https:\/\/api.w.org\/{rel}","templated":true}]}}