{"id":2279,"date":"2018-04-19T17:01:55","date_gmt":"2018-04-19T16:01:55","guid":{"rendered":"https:\/\/www.gyyv.vd.ch\/developpementdurable\/?p=2279"},"modified":"2018-04-19T17:01:55","modified_gmt":"2018-04-19T16:01:55","slug":"petit-potager-urbain-a-yverdon-les-bains","status":"publish","type":"post","link":"https:\/\/gymnase-yverdon.ch\/developpementdurable\/2018\/04\/19\/petit-potager-urbain-a-yverdon-les-bains\/","title":{"rendered":"Petit potager urbain \u00e0 Yverdon-les-Bains"},"content":{"rendered":"<p style=\"text-align: left\">Comment les citoyens d&rsquo;aujourd&rsquo;hui peuvent-ils soutenir et participer \u00e0 une production alimentaire plus locale? \u00c0 cette question, Thomas Stucker &#8211; \u00e9tudiant de <a href=\"https:\/\/www.gyyv.vd.ch\/developpementdurable\/page-d-exemple\/etudes-et-recherche\/geographie\/oc-2017-18\/\">l&rsquo;OC G\u00e9ographie 2017-2018<\/a> &#8211; a r\u00e9pondu de la mani\u00e8re suivante :<\/p>\n<p style=\"text-align: center\">se lancer dans la cr\u00e9ation d&rsquo;un petit <strong>potager urbain<\/strong> afin de produire certains aliments n\u00e9cessaires \u00e0 la consommation quotidienne.<\/p>\n<p style=\"text-align: left\">Cette id\u00e9e a \u00e9merg\u00e9 suite au constat qu&rsquo;il a pu dresser des cons\u00e9quences de la production alimentaire mondiale actuelle : \u00ab\u00a0pollution des sols, co\u00fbts en \u00e9nergie, longs chemins parcourus par certains aliments vendus sur nos \u00e9talages ou encore les mauvaises conditions de travail des employ\u00e9s agricoles.\u00a0\u00bb<\/p>\n<div id=\"attachment_2281\" style=\"width: 310px\" class=\"wp-caption aligncenter\"><a href=\"http:\/\/gymnase-yverdon.ch\/developpementdurable\/wp-content\/uploads\/sites\/5\/2018\/04\/mer-plastique-espagne-serre-02-2-2.jpg\"><img loading=\"lazy\" decoding=\"async\" aria-describedby=\"caption-attachment-2281\" class=\"wp-image-2281 size-medium\" src=\"http:\/\/gymnase-yverdon.ch\/developpementdurable\/wp-content\/uploads\/sites\/5\/2018\/04\/mer-plastique-espagne-serre-02-2-300x200.jpg\" alt=\"\" width=\"300\" height=\"200\" srcset=\"https:\/\/gymnase-yverdon.ch\/developpementdurable\/wp-content\/uploads\/sites\/5\/2018\/04\/mer-plastique-espagne-serre-02-2-300x200.jpg 300w, https:\/\/gymnase-yverdon.ch\/developpementdurable\/wp-content\/uploads\/sites\/5\/2018\/04\/mer-plastique-espagne-serre-02-2-768x512.jpg 768w, https:\/\/gymnase-yverdon.ch\/developpementdurable\/wp-content\/uploads\/sites\/5\/2018\/04\/mer-plastique-espagne-serre-02-2.jpg 1000w\" sizes=\"auto, (max-width: 300px) 100vw, 300px\" \/><\/a><p id=\"caption-attachment-2281\" class=\"wp-caption-text\">R\u00e9gion d&rsquo;Almeria (Espagne). Photographie extraite de: http:\/\/www.laboiteverte.fr\/une-mer-de-plastique-en-espagne\/<\/p><\/div>\n<p>Mais pour ne pas rester passif face \u00e0 cela, Thomas Stucker a d\u00e9cid\u00e9 de se relever les manches et de proposer un projet concret qui soit en mesure &#8211; \u00e0 son \u00e9chelle &#8211; d&rsquo;apporter une piste de solution. Son potager urbain a donc pris place au c\u0153ur de son quartier r\u00e9sidentiel avec l&rsquo;aide de nombreux voisins qui ont, d&rsquo;ailleurs, tout de suite adh\u00e9r\u00e9 \u00e0 son id\u00e9e.<\/p>\n<p>Mais en plus de proposer une solution afin de consommer plus localement et de faire certaines \u00e9conomies, son projet permet \u00e9galement \u00ab\u00a0l&rsquo;enverdissement\u00a0\u00bb de son quartier et le renforcement des liens sociaux entre les personnes qui vont l&rsquo;aider \u00e0 cultiver ce petit potager.<\/p>\n<p style=\"text-align: center\">Pour le moment, nous ne d\u00e9voilerons pas les photographies de ce potager&#8230; il faudra donc bien \u00eatre pr\u00e9sent lors de la 3\u00e8me Journ\u00e9e de la Terre Nourrici\u00e8re, qui se tiendra le mardi 15 mai 2018, afin de pouvoir mettre fin \u00e0 ce suspens.<\/p>\n","protected":false},"excerpt":{"rendered":"<p>Comment les citoyens d&rsquo;aujourd&rsquo;hui peuvent-ils soutenir et participer \u00e0 une production alimentaire plus locale? \u00c0 cette question, Thomas Stucker &#8211; \u00e9tudiant de l&rsquo;OC G\u00e9ographie 2017-2018 &#8211; a r\u00e9pondu de la mani\u00e8re suivante : se lancer dans la cr\u00e9ation d&rsquo;un petit potager urbain afin de produire certains aliments n\u00e9cessaires \u00e0 la &#8230;<\/p>\n<p> <a class=\"continue-reading-link\" href=\"https:\/\/gymnase-yverdon.ch\/developpementdurable\/2018\/04\/19\/petit-potager-urbain-a-yverdon-les-bains\/\"><span>Continue reading<\/span><i class=\"crycon-right-dir\"><\/i><\/a> <\/p>\n","protected":false},"author":13,"featured_media":2280,"comment_status":"closed","ping_status":"closed","sticky":false,"template":"","format":"standard","meta":{"inline_featured_image":false,"footnotes":""},"categories":[11,13,17,20],"tags":[],"class_list":["post-2279","post","type-post","status-publish","format-standard","has-post-thumbnail","hentry","category-education-a-la-durabilite","category-environnement","category-geographie","category-journee-de-la-terre-nourriciere"],"_links":{"self":[{"href":"https:\/\/gymnase-yverdon.ch\/developpementdurable\/wp-json\/wp\/v2\/posts\/2279","targetHints":{"allow":["GET"]}}],"collection":[{"href":"https:\/\/gymnase-yverdon.ch\/developpementdurable\/wp-json\/wp\/v2\/posts"}],"about":[{"href":"https:\/\/gymnase-yverdon.ch\/developpementdurable\/wp-json\/wp\/v2\/types\/post"}],"author":[{"embeddable":true,"href":"https:\/\/gymnase-yverdon.ch\/developpementdurable\/wp-json\/wp\/v2\/users\/13"}],"replies":[{"embeddable":true,"href":"https:\/\/gymnase-yverdon.ch\/developpementdurable\/wp-json\/wp\/v2\/comments?post=2279"}],"version-history":[{"count":0,"href":"https:\/\/gymnase-yverdon.ch\/developpementdurable\/wp-json\/wp\/v2\/posts\/2279\/revisions"}],"wp:featuredmedia":[{"embeddable":true,"href":"https:\/\/gymnase-yverdon.ch\/developpementdurable\/wp-json\/wp\/v2\/media\/2280"}],"wp:attachment":[{"href":"https:\/\/gymnase-yverdon.ch\/developpementdurable\/wp-json\/wp\/v2\/media?parent=2279"}],"wp:term":[{"taxonomy":"category","embeddable":true,"href":"https:\/\/gymnase-yverdon.ch\/developpementdurable\/wp-json\/wp\/v2\/categories?post=2279"},{"taxonomy":"post_tag","embeddable":true,"href":"https:\/\/gymnase-yverdon.ch\/developpementdurable\/wp-json\/wp\/v2\/tags?post=2279"}],"curies":[{"name":"wp","href":"https:\/\/api.w.org\/{rel}","templated":true}]}}