{"id":2188,"date":"2018-03-21T15:25:54","date_gmt":"2018-03-21T14:25:54","guid":{"rendered":"https:\/\/www.gyyv.vd.ch\/developpementdurable\/?p=2188"},"modified":"2018-03-21T15:25:54","modified_gmt":"2018-03-21T14:25:54","slug":"3e-journee-de-la-terre-nourriciere","status":"publish","type":"post","link":"https:\/\/gymnase-yverdon.ch\/developpementdurable\/2018\/03\/21\/3e-journee-de-la-terre-nourriciere\/","title":{"rendered":"3e Journ\u00e9e de la Terre nourrici\u00e8re &#8211; 15 mai 2018"},"content":{"rendered":"<p>La troisi\u00e8me Journ\u00e9e de la Terre nourrici\u00e8re (JTN3) aura lieu le 15 mai 2018, de 10h50 \u00e0 13h10, dans la cour du gymnase et au 1er \u00e9tage du b\u00e2timent A.<\/p>\n<p><a href=\"https:\/\/www.gyyv.vd.ch\/journeedelaterre\/\" target=\"_blank\" rel=\"noopener noreferrer\"><img loading=\"lazy\" decoding=\"async\" class=\"size-full wp-image-2191 aligncenter\" src=\"http:\/\/gymnase-yverdon.ch\/developpementdurable\/wp-content\/uploads\/sites\/5\/2018\/03\/3e-Journee-de-la-Terre-nourriciere-2-2.jpg\" alt=\"\" width=\"1201\" height=\"500\" \/><\/a><\/p>\n<p>Ce sera l&rsquo;occasion de pr\u00e9senter les d\u00e9marches men\u00e9es en vue du d\u00e9veloppement durable au GYYV et cet \u00e9v\u00e9nement proposera de d\u00e9couvrir les projets des deux classes d&rsquo;OC de g\u00e9ographie, les projets du cours fac sur le d\u00e9veloppement durable, le groupe apiculture, le groupe arboriculture, etc.<\/p>\n<p>Entre temps, vous pouvez :<\/p>\n<ul>\n<li>D\u00e9couvrir la 1\u00e8re \u00e9dition de la JTN :\n<ul>\n<li>Le <a href=\"https:\/\/www.gyyv.vd.ch\/journeedelaterre\/?page_id=116\">programme<\/a>;<\/li>\n<li>Les <a href=\"https:\/\/www.gyyv.vd.ch\/journeedelaterre\/?page_id=412\">photos<\/a>;<\/li>\n<li>La JTN 1 <a href=\"https:\/\/www.gyyv.vd.ch\/journeedelaterre\/?page_id=399\">dans la presse<\/a>.<\/li>\n<\/ul>\n<\/li>\n<li>D\u00e9couvrir la 2\u00e8me \u00e9dition de la JTN :\n<ul>\n<li>Le <a href=\"https:\/\/www.gyyv.vd.ch\/journeedelaterre\/?page_id=402\">programme<\/a>;<\/li>\n<li>Les <a href=\"https:\/\/www.gyyv.vd.ch\/journeedelaterre\/?page_id=666\">photos<\/a>;<\/li>\n<li>La JTN 2 <a href=\"https:\/\/www.gyyv.vd.ch\/journeedelaterre\/?page_id=399\">dans la presse<\/a>.<\/li>\n<\/ul>\n<\/li>\n<li>Rejoindre un groupe au gymnase :\n<ul>\n<li><a href=\"https:\/\/www.gyyv.vd.ch\/developpementdurable\/page-d-exemple\/laboratoire-de-la-durabilite\/apiculture\/\" target=\"_blank\" rel=\"noopener noreferrer\">Apiculture<\/a>;<\/li>\n<li><a href=\"https:\/\/www.gyyv.vd.ch\/developpementdurable\/page-d-exemple\/laboratoire-de-la-durabilite\/arboriculture\/\" target=\"_blank\" rel=\"noopener noreferrer\">Arboriculture<\/a>;<\/li>\n<li><a href=\"https:\/\/www.gyyv.vd.ch\/developpementdurable\/page-d-exemple\/laboratoire-de-la-durabilite\/gymnase-en-fleurs\/\" target=\"_blank\" rel=\"noopener noreferrer\">Gymnase en fleurs<\/a>;<\/li>\n<li><a href=\"https:\/\/www.gyyv.vd.ch\/developpementdurable\/page-d-exemple\/laboratoire-de-la-durabilite\/comite-des-eleves\/\" target=\"_blank\" rel=\"noopener noreferrer\">Comit\u00e9 des \u00e9l\u00e8ves<\/a>;<\/li>\n<li>Lancer un <a href=\"https:\/\/www.gyyv.vd.ch\/developpementdurable\/page-d-exemple\/etudes-et-recherche\/\" target=\"_blank\" rel=\"noopener noreferrer\">travail de recherche<\/a> portant sur le d\u00e9veloppement durable;<\/li>\n<li>Cr\u00e9er votre <a href=\"https:\/\/www.gyyv.vd.ch\/developpementdurable\/page-d-exemple\/sengager\/idees-de-projets-a-realiser\/\" target=\"_blank\" rel=\"noopener noreferrer\">propre projet<\/a>.<\/li>\n<\/ul>\n<\/li>\n<\/ul>\n<p>Toute l&rsquo;<a href=\"https:\/\/www.gyyv.vd.ch\/developpementdurable\/page-d-exemple\/a-propos\/equipe\/\" target=\"_blank\" rel=\"noopener noreferrer\">\u00e9quipe d\u00e9veloppement durable<\/a> du GYYV et les \u00e9l\u00e8ves\/enseignant-e-s engag\u00e9s dans des projets se r\u00e9jouissent de vous retrouver \u00e0 l&rsquo;occasion de la troisi\u00e8me \u00e9dition.<\/p>\n","protected":false},"excerpt":{"rendered":"<p>La troisi\u00e8me Journ\u00e9e de la Terre nourrici\u00e8re (JTN3) aura lieu le 15 mai 2018, de 10h50 \u00e0 13h10, dans la cour du gymnase et au 1er \u00e9tage du b\u00e2timent A. Ce sera l&rsquo;occasion de pr\u00e9senter les d\u00e9marches men\u00e9es en vue du d\u00e9veloppement durable au GYYV et cet \u00e9v\u00e9nement proposera de &#8230;<\/p>\n<p> <a class=\"continue-reading-link\" href=\"https:\/\/gymnase-yverdon.ch\/developpementdurable\/2018\/03\/21\/3e-journee-de-la-terre-nourriciere\/\"><span>Continue reading<\/span><i class=\"crycon-right-dir\"><\/i><\/a> <\/p>\n","protected":false},"author":13,"featured_media":2191,"comment_status":"closed","ping_status":"closed","sticky":false,"template":"","format":"standard","meta":{"inline_featured_image":false,"footnotes":""},"categories":[20],"tags":[],"class_list":["post-2188","post","type-post","status-publish","format-standard","has-post-thumbnail","hentry","category-journee-de-la-terre-nourriciere"],"_links":{"self":[{"href":"https:\/\/gymnase-yverdon.ch\/developpementdurable\/wp-json\/wp\/v2\/posts\/2188","targetHints":{"allow":["GET"]}}],"collection":[{"href":"https:\/\/gymnase-yverdon.ch\/developpementdurable\/wp-json\/wp\/v2\/posts"}],"about":[{"href":"https:\/\/gymnase-yverdon.ch\/developpementdurable\/wp-json\/wp\/v2\/types\/post"}],"author":[{"embeddable":true,"href":"https:\/\/gymnase-yverdon.ch\/developpementdurable\/wp-json\/wp\/v2\/users\/13"}],"replies":[{"embeddable":true,"href":"https:\/\/gymnase-yverdon.ch\/developpementdurable\/wp-json\/wp\/v2\/comments?post=2188"}],"version-history":[{"count":0,"href":"https:\/\/gymnase-yverdon.ch\/developpementdurable\/wp-json\/wp\/v2\/posts\/2188\/revisions"}],"wp:featuredmedia":[{"embeddable":true,"href":"https:\/\/gymnase-yverdon.ch\/developpementdurable\/wp-json\/wp\/v2\/media\/2191"}],"wp:attachment":[{"href":"https:\/\/gymnase-yverdon.ch\/developpementdurable\/wp-json\/wp\/v2\/media?parent=2188"}],"wp:term":[{"taxonomy":"category","embeddable":true,"href":"https:\/\/gymnase-yverdon.ch\/developpementdurable\/wp-json\/wp\/v2\/categories?post=2188"},{"taxonomy":"post_tag","embeddable":true,"href":"https:\/\/gymnase-yverdon.ch\/developpementdurable\/wp-json\/wp\/v2\/tags?post=2188"}],"curies":[{"name":"wp","href":"https:\/\/api.w.org\/{rel}","templated":true}]}}