{"id":2158,"date":"2017-12-06T20:18:28","date_gmt":"2017-12-06T19:18:28","guid":{"rendered":"https:\/\/www.gyyv.vd.ch\/developpementdurable\/?p=2158"},"modified":"2017-12-06T20:18:28","modified_gmt":"2017-12-06T19:18:28","slug":"bonvillars-accueille-une-famille-de-migrants-merci-pour-vos-dons","status":"publish","type":"post","link":"https:\/\/gymnase-yverdon.ch\/developpementdurable\/2017\/12\/06\/bonvillars-accueille-une-famille-de-migrants-merci-pour-vos-dons\/","title":{"rendered":"Bonvillars accueille une famille de migrants : merci pour vos dons"},"content":{"rendered":"<p>Apr\u00e8s plus de deux ans de travail et une collaboration avec les autorit\u00e9s et les habitants du village de Bonvillars, Estelle Boudier (\u00e9tudiante en droit) et Oc\u00e9ane Pittet (\u00e9tudiante en psychologie) ont obtenu en septembre 2017 le feu vert de la commune pour loger une famille de migrants gr\u00e2ce \u00e0 la mise \u00e0 disposition d\u2019un appartement. Elles ont r\u00e9cemment mis sur pied l\u2019association \u00ab Ensemble, solidaires \u2013 Bonvillars \u00bb afin d\u2019assurer l\u2019accueil de la famille et le suivi de leur int\u00e9gration au sein de la commune.<\/p>\n<p style=\"text-align: center\"><a href=\"http:\/\/gymnase-yverdon.ch\/developpementdurable\/wp-content\/uploads\/sites\/5\/2017\/05\/TN2m_074-2-2.jpg\"><img loading=\"lazy\" decoding=\"async\" class=\"wp-image-1996 aligncenter\" src=\"http:\/\/gymnase-yverdon.ch\/developpementdurable\/wp-content\/uploads\/sites\/5\/2017\/05\/TN2m_074-2-2.jpg\" alt=\"\" width=\"406\" height=\"271\" \/><\/a>Oc\u00e9ane Pittet (\u00e0 gauche) et Estelle Boudier pr\u00e9sentant leur projet \u00e0 la<br \/>\n<a href=\"https:\/\/www.gyyv.vd.ch\/journeedelaterre\/\" target=\"_blank\" rel=\"noopener noreferrer\">2e Journ\u00e9e de la Terre nourrici\u00e8re en 2016<\/a> (Photo D. Domeniconi).<\/p>\n<p>Pour ce faire, elles se sont inspir\u00e9es du projet \u00ab\u00a0<a href=\"http:\/\/www.unvillage-unefamille.ch\" target=\"_blank\" rel=\"noopener noreferrer\">Un village, une famille<\/a>\u00a0\u00bb initi\u00e9 par M. Nicolas Rouge, municipal \u00e0 Giez.<\/p>\n<p style=\"text-align: center\"><a href=\"http:\/\/gymnase-yverdon.ch\/developpementdurable\/wp-content\/uploads\/sites\/5\/2016\/05\/Un-village-une-famille-logo-2-2.jpg\"><img loading=\"lazy\" decoding=\"async\" class=\"wp-image-1290 aligncenter\" src=\"http:\/\/gymnase-yverdon.ch\/developpementdurable\/wp-content\/uploads\/sites\/5\/2016\/05\/Un-village-une-famille-logo-2-2.jpg\" alt=\"Un village une famille - logo\" width=\"251\" height=\"183\" \/><\/a>Image d&rsquo;accueil du site de l&rsquo;association \u00ab\u00a0<a href=\"http:\/\/www.action-commune.ch\/unvillageunefamille.html\" target=\"_blank\" rel=\"noopener noreferrer\">Un village, une famille<\/a>\u00ab\u00a0.<\/p>\n<p>Estelle et Oc\u00e9ane ont fait appel \u00e0 la solidarit\u00e9 des habitant-e-s du Nord vaudois pour mobiliser du mat\u00e9riel afin de meubler l\u2019appartement et pr\u00e9parer l\u2019accueil de la famille. Gr\u00e2ce \u00e0 la g\u00e9n\u00e9rosit\u00e9 de nombreuses personnes, le mat\u00e9riel n\u00e9cessaire a \u00e9t\u00e9 r\u00e9uni tr\u00e8s rapidement et Estelle et Oc\u00e9ane remercient tr\u00e8s chaleureusement toutes les personnes qui ont r\u00e9pondu \u00e0 leur appel.<\/p>\n<p>C\u2019est ainsi que Madame Nawroz Mirak et Monsieur Kawa Mirak ont pu emm\u00e9nager lundi 16 octobre dans l\u2019appartement avec leurs deux enfants, Aya et Adam. Ils apprennent le fran\u00e7ais depuis plus de deux mois et sont tr\u00e8s reconnaissants d\u2019avoir l\u2019opportunit\u00e9 d\u2019emm\u00e9nager dans leur nouvel appartement et de d\u00e9couvrir le village de Bonvillars. Ils ont \u00e9t\u00e9 particuli\u00e8rement touch\u00e9s par la solidarit\u00e9 qui leur a \u00e9t\u00e9 montr\u00e9e en d\u00e9couvrant un appartement enti\u00e8rement meubl\u00e9 et en trouvant des jouets \u00e0 l\u2019attention des enfants. Selon Estelle, Aya \u00ab a flash\u00e9 sur une peluche Hello Kitty et sur les Lego \u00bb alors qu\u2019Adam \u00ab a pr\u00e9f\u00e9r\u00e9 le xylophone \u00bb.<\/p>\n<p style=\"text-align: center\"><a href=\"http:\/\/gymnase-yverdon.ch\/developpementdurable\/wp-content\/uploads\/sites\/5\/2017\/12\/2017-10-16-PHOTO-00000021-2-2.jpg\"><img loading=\"lazy\" decoding=\"async\" class=\"alignnone wp-image-2159\" src=\"http:\/\/gymnase-yverdon.ch\/developpementdurable\/wp-content\/uploads\/sites\/5\/2017\/12\/2017-10-16-PHOTO-00000021-2-2.jpg\" alt=\"\" width=\"333\" height=\"250\" \/><br \/>\n<\/a>Oc\u00e9ane Pittet et Estelle Boudier (respectivement premi\u00e8re et deuxi\u00e8me depuis la gauche) en compagnie de la famille Mirak dans l\u2019appartement mis \u00e0 leur disposition (Photo E. Boudier).<\/p>\n<p>Estelle et Oc\u00e9ane souhaitent organiser un ap\u00e9ritif pour officialiser l\u2019arriv\u00e9e de la famille au sein de la commune et d\u2019en informer l\u2019ensemble de la population \u00e0 l\u2019aide d\u2019un tout-m\u00e9nage.<\/p>\n<p>Imagin\u00e9 dans le cadre <a href=\"https:\/\/www.gyyv.vd.ch\/developpementdurable\/page-d-exemple\/etudes-et-recherche\/geographie\/oc-2015-16\/\">de l\u2019option compl\u00e9mentaire de g\u00e9ographie 2015-16<\/a>, le projet d\u2019Estelle et Oc\u00e9ane est la r\u00e9alisation concr\u00e8te d\u2019un projet personnel con\u00e7u dans le cadre de l\u2019<a href=\"https:\/\/www.gyyv.vd.ch\/developpementdurable\/page-d-exemple\/a-propos\/leducation-au-developpement-durable\/\">Education au d\u00e9veloppement durable<\/a> (EDD) qui est une application des <a href=\"http:\/\/www.un.org\/sustainabledevelopment\/fr\/objectifs-de-developpement-durable\/\" target=\"_blank\" rel=\"noopener noreferrer\">objectifs de d\u00e9veloppement durable 2015-30 de l\u2019ONU<\/a> dans l\u2019\u00e9ducation.<\/p>\n<p>Au-del\u00e0 de la mise sur pied du projet faite au Gymnase d\u2019Yverdon en 2015-16, Estelle et Oc\u00e9ane ont montr\u00e9 de la d\u00e9termination et ont fait preuve de la patience n\u00e9cessaire pour poursuivre leur projet au-del\u00e0 des murs du gymnase et en collaboration avec de nombreux partenaires de la r\u00e9gion (<a href=\"http:\/\/www.bonvillars.ch\/\" target=\"_blank\" rel=\"noopener noreferrer\">Commune et habitants de Bonvillars<\/a>, le <a href=\"https:\/\/www.facebook.com\/asilenordvaudois\/\" target=\"_blank\" rel=\"noopener noreferrer\">Groupe Asile et Migration d\u2019Yverdon et R\u00e9gion<\/a>, etc.). Si Estelle et Oc\u00e9ane sont satisfaites d\u2019avoir pu mener \u00e0 bien leur projet et sont reconnaissantes \u00e0 la commune de Bonvillars de leur soutien et de leur participation, au final le r\u00e9sultat concret est surtout celui d\u2019avoir offert un foyer \u00e0 une famille dans le besoin et une chance de reconstruire leur vie dans leur nouveau lieu d\u2019accueil.<\/p>\n","protected":false},"excerpt":{"rendered":"<p>Apr\u00e8s plus de deux ans de travail et une collaboration avec les autorit\u00e9s et les habitants du village de Bonvillars, Estelle Boudier (\u00e9tudiante en droit) et Oc\u00e9ane Pittet (\u00e9tudiante en psychologie) ont obtenu en septembre 2017 le feu vert de la commune pour loger une famille de migrants gr\u00e2ce \u00e0 &#8230;<\/p>\n<p> <a class=\"continue-reading-link\" href=\"https:\/\/gymnase-yverdon.ch\/developpementdurable\/2017\/12\/06\/bonvillars-accueille-une-famille-de-migrants-merci-pour-vos-dons\/\"><span>Continue reading<\/span><i class=\"crycon-right-dir\"><\/i><\/a> <\/p>\n","protected":false},"author":13,"featured_media":2159,"comment_status":"closed","ping_status":"closed","sticky":false,"template":"","format":"standard","meta":{"inline_featured_image":false,"footnotes":""},"categories":[11,17,24],"tags":[],"class_list":["post-2158","post","type-post","status-publish","format-standard","has-post-thumbnail","hentry","category-education-a-la-durabilite","category-geographie","category-social"],"_links":{"self":[{"href":"https:\/\/gymnase-yverdon.ch\/developpementdurable\/wp-json\/wp\/v2\/posts\/2158","targetHints":{"allow":["GET"]}}],"collection":[{"href":"https:\/\/gymnase-yverdon.ch\/developpementdurable\/wp-json\/wp\/v2\/posts"}],"about":[{"href":"https:\/\/gymnase-yverdon.ch\/developpementdurable\/wp-json\/wp\/v2\/types\/post"}],"author":[{"embeddable":true,"href":"https:\/\/gymnase-yverdon.ch\/developpementdurable\/wp-json\/wp\/v2\/users\/13"}],"replies":[{"embeddable":true,"href":"https:\/\/gymnase-yverdon.ch\/developpementdurable\/wp-json\/wp\/v2\/comments?post=2158"}],"version-history":[{"count":0,"href":"https:\/\/gymnase-yverdon.ch\/developpementdurable\/wp-json\/wp\/v2\/posts\/2158\/revisions"}],"wp:featuredmedia":[{"embeddable":true,"href":"https:\/\/gymnase-yverdon.ch\/developpementdurable\/wp-json\/wp\/v2\/media\/2159"}],"wp:attachment":[{"href":"https:\/\/gymnase-yverdon.ch\/developpementdurable\/wp-json\/wp\/v2\/media?parent=2158"}],"wp:term":[{"taxonomy":"category","embeddable":true,"href":"https:\/\/gymnase-yverdon.ch\/developpementdurable\/wp-json\/wp\/v2\/categories?post=2158"},{"taxonomy":"post_tag","embeddable":true,"href":"https:\/\/gymnase-yverdon.ch\/developpementdurable\/wp-json\/wp\/v2\/tags?post=2158"}],"curies":[{"name":"wp","href":"https:\/\/api.w.org\/{rel}","templated":true}]}}