{"id":2153,"date":"2017-09-22T09:13:28","date_gmt":"2017-09-22T08:13:28","guid":{"rendered":"https:\/\/www.gyyv.vd.ch\/developpementdurable\/?p=2153"},"modified":"2017-09-22T09:13:28","modified_gmt":"2017-09-22T08:13:28","slug":"recherche-de-materiel-pour-une-famille-de-refugies","status":"publish","type":"post","link":"https:\/\/gymnase-yverdon.ch\/developpementdurable\/2017\/09\/22\/recherche-de-materiel-pour-une-famille-de-refugies\/","title":{"rendered":"Recherche de mat\u00e9riel pour une famille de r\u00e9fugi\u00e9s"},"content":{"rendered":"<p>Bonjour\u00a0\u00e0 tous\u00a0! Il y a plus d\u20191 an, au sein de l\u2019OC g\u00e9ographie de M. Henchoz et de M. Gilliard, nous avions d\u00e9cid\u00e9 de cr\u00e9er un projet d\u2019accueil dans le Nord vaudois pour une famille de r\u00e9fugi\u00e9s.<\/p>\n<p style=\"text-align: center\"><a href=\"http:\/\/gymnase-yverdon.ch\/developpementdurable\/wp-content\/uploads\/sites\/5\/2017\/05\/TN2m_074-2-2.jpg\"><img loading=\"lazy\" decoding=\"async\" class=\"alignnone wp-image-1996\" src=\"http:\/\/gymnase-yverdon.ch\/developpementdurable\/wp-content\/uploads\/sites\/5\/2017\/05\/TN2m_074-2-2.jpg\" alt=\"\" width=\"406\" height=\"271\" \/><br \/>\n<\/a>Oc\u00e9ane Pittet (\u00e0 gauche) et Estelle Boudier pr\u00e9sentant leur projet \u00e0 la <a href=\"https:\/\/www.gyyv.vd.ch\/journeedelaterre\/\" target=\"_blank\" rel=\"noopener noreferrer\">2e Journ\u00e9e de la Terre nourrici\u00e8re en 2016<\/a> (Photo D. Domeniconi).<\/p>\n<p>Il y a quelques semaines, notre projet s\u2019est concr\u00e9tis\u00e9 car nous avons obtenu le feu vert de la commune de Bonvillars pour loger cette petite famille gr\u00e2ce \u00e0 la mise \u00e0 disposition d\u2019un appartement.<\/p>\n<p style=\"text-align: center\"><strong>Maintenant, nous avons besoin de vous<\/strong>\u00a0!<\/p>\n<p>Eh oui, l\u2019appartement est vide&#8230;et nous allons accueillir cette famille de r\u00e9fugi\u00e9s sous peu\u00a0! Nous avons donc besoin de trouver les objets de la liste ci-dessous pour les loger confortablement. Si vous avez un ou plusieurs de ces objets, que vous ne les utilisez plus et que vous souhaitez nous en faire don, n\u2019h\u00e9sitez pas \u00e0 nous contacter au\u00a0:<\/p>\n<p>Estelle Boudier\u00a0: <a href=\"mailto:estelle.boudier97@gmail.com\">estelle.boudier97@gmail.com<\/a> ou 079\/890 75 14<br \/>\nOc\u00e9ane Pittet\u00a0: <a href=\"mailto:oceane.pittet@gmail.com\">oceane.pittet@gmail.com<\/a> ou 078\/917 24 50<\/p>\n<p style=\"text-align: center\"><strong>Merci d\u2019avance, votre g\u00e9n\u00e9rosit\u00e9 peut changer des vies\u00a0! <\/strong><\/p>\n<p>&nbsp;<\/p>\n<p style=\"text-align: center\"><u>Liste des objets pour la famille de r\u00e9fugi\u00e9s<\/u><\/p>\n<p><strong><u>Cuisine<\/u><\/strong><\/p>\n<p>Verres plastique dur pour enfant (2-4)<\/p>\n<p>Fourchettes \/ couteaux \/ cuill\u00e8res caf\u00e9 \/ cuill\u00e8res soupe (min 8)<\/p>\n<p>Planches \u00e0 d\u00e9couper<\/p>\n<p>Couteaux d\u00e9couper<\/p>\n<p>Spatules<\/p>\n<p>Papier de m\u00e9nage (sopalin)<\/p>\n<p>&nbsp;<\/p>\n<p><strong><u>Salon<\/u><\/strong><\/p>\n<p>Table basse<\/p>\n<p>&nbsp;<\/p>\n<p><strong><u>Chambre enfants<\/u><\/strong><\/p>\n<p>Chaise de bureau<\/p>\n<p>Tables chevet<\/p>\n<p>Lampes de chevet<\/p>\n<p>Suspension de lampe<\/p>\n<p>Linge lit (4 draps housse, 4 housse couettes, 4 housses coussin)<\/p>\n<p>Couverture\/duvet<\/p>\n<p>Coussin<\/p>\n<p>&nbsp;<\/p>\n<p><strong><u>Chambre parents<\/u><\/strong><\/p>\n<p>Armoire \/ commode<\/p>\n<p>Suspension de lampe<\/p>\n<p>Linge lit (drap housse, housse couette, housse coussin)<\/p>\n<p>Couverture \/ duvet<\/p>\n<p>Coussin<\/p>\n<p>&nbsp;<\/p>\n<p><strong><u>Salle de bain<\/u><\/strong><\/p>\n<p>Papier toilette<\/p>\n<p>Brosse \u00e0 dent \/ dentifrice<\/p>\n<p>Produit de douche \/ savon<\/p>\n<p>Poudre \u00e0 lessive<\/p>\n<p>&nbsp;<\/p>\n<p><strong><u>Nourriture\/produits de base<\/u><\/strong><\/p>\n<p>Condiments (sel, sucre&#8230;)<\/p>\n<p>Th\u00e9 \/ caf\u00e9<\/p>\n<p>P\u00e2tes \/ riz<\/p>\n<p>Conserves<\/p>\n<p>Fruits \/ l\u00e9gumes<\/p>\n<p><strong><u>\u00a0<\/u><\/strong><\/p>\n<p><strong><u>Autre<\/u><\/strong><\/p>\n<p>Jouets (ballon foot, barbies, peluches, voitures, livres etc)<\/p>\n<p>Aspirateur<\/p>\n<p>Balai + ramassoir<\/p>\n<p>Autre appareil \u00e9lectronique<\/p>\n","protected":false},"excerpt":{"rendered":"<p>Bonjour\u00a0\u00e0 tous\u00a0! Il y a plus d\u20191 an, au sein de l\u2019OC g\u00e9ographie de M. Henchoz et de M. Gilliard, nous avions d\u00e9cid\u00e9 de cr\u00e9er un projet d\u2019accueil dans le Nord vaudois pour une famille de r\u00e9fugi\u00e9s. Oc\u00e9ane Pittet (\u00e0 gauche) et Estelle Boudier pr\u00e9sentant leur projet \u00e0 la 2e &#8230;<\/p>\n<p> <a class=\"continue-reading-link\" href=\"https:\/\/gymnase-yverdon.ch\/developpementdurable\/2017\/09\/22\/recherche-de-materiel-pour-une-famille-de-refugies\/\"><span>Continue reading<\/span><i class=\"crycon-right-dir\"><\/i><\/a> <\/p>\n","protected":false},"author":13,"featured_media":1996,"comment_status":"closed","ping_status":"closed","sticky":false,"template":"","format":"standard","meta":{"inline_featured_image":false,"footnotes":""},"categories":[11,17,24],"tags":[],"class_list":["post-2153","post","type-post","status-publish","format-standard","has-post-thumbnail","hentry","category-education-a-la-durabilite","category-geographie","category-social"],"_links":{"self":[{"href":"https:\/\/gymnase-yverdon.ch\/developpementdurable\/wp-json\/wp\/v2\/posts\/2153","targetHints":{"allow":["GET"]}}],"collection":[{"href":"https:\/\/gymnase-yverdon.ch\/developpementdurable\/wp-json\/wp\/v2\/posts"}],"about":[{"href":"https:\/\/gymnase-yverdon.ch\/developpementdurable\/wp-json\/wp\/v2\/types\/post"}],"author":[{"embeddable":true,"href":"https:\/\/gymnase-yverdon.ch\/developpementdurable\/wp-json\/wp\/v2\/users\/13"}],"replies":[{"embeddable":true,"href":"https:\/\/gymnase-yverdon.ch\/developpementdurable\/wp-json\/wp\/v2\/comments?post=2153"}],"version-history":[{"count":0,"href":"https:\/\/gymnase-yverdon.ch\/developpementdurable\/wp-json\/wp\/v2\/posts\/2153\/revisions"}],"wp:featuredmedia":[{"embeddable":true,"href":"https:\/\/gymnase-yverdon.ch\/developpementdurable\/wp-json\/wp\/v2\/media\/1996"}],"wp:attachment":[{"href":"https:\/\/gymnase-yverdon.ch\/developpementdurable\/wp-json\/wp\/v2\/media?parent=2153"}],"wp:term":[{"taxonomy":"category","embeddable":true,"href":"https:\/\/gymnase-yverdon.ch\/developpementdurable\/wp-json\/wp\/v2\/categories?post=2153"},{"taxonomy":"post_tag","embeddable":true,"href":"https:\/\/gymnase-yverdon.ch\/developpementdurable\/wp-json\/wp\/v2\/tags?post=2153"}],"curies":[{"name":"wp","href":"https:\/\/api.w.org\/{rel}","templated":true}]}}