{"id":2140,"date":"2017-07-03T21:02:32","date_gmt":"2017-07-03T20:02:32","guid":{"rendered":"https:\/\/www.gyyv.vd.ch\/developpementdurable\/?p=2140"},"modified":"2017-07-03T21:02:32","modified_gmt":"2017-07-03T20:02:32","slug":"une-famille-de-migrants-a-bonvillars","status":"publish","type":"post","link":"https:\/\/gymnase-yverdon.ch\/developpementdurable\/2017\/07\/03\/une-famille-de-migrants-a-bonvillars\/","title":{"rendered":"Une famille de migrants \u00e0 Bonvillars ?"},"content":{"rendered":"<p>Durant l&rsquo;ann\u00e9e scolaire 2015-16, Estelle Boudier et Oc\u00e9ane Pittet ont d\u00e9cid\u00e9, dans le cadre de l&rsquo;<a href=\"https:\/\/www.gyyv.vd.ch\/developpementdurable\/page-d-exemple\/etudes-et-recherche\/geographie\/oc-2015-16\/\">OC de g\u00e9ographie<\/a> de 3\u00e8me ann\u00e9e de maturit\u00e9, de mettre sur pied un projet visant \u00e0 accueillir une famille de migrants dans leur village de Bonvillars. Pour se faire, elles se sont inspir\u00e9es du projet \u00ab\u00a0<a href=\"http:\/\/www.unvillage-unefamille.ch\" target=\"_blank\" rel=\"noopener noreferrer\">Un village, une famille<\/a>\u00a0\u00bb initi\u00e9 par M. Nicolas Rouge, municipal \u00e0 Giez.<\/p>\n<p style=\"text-align: center\"><a href=\"http:\/\/gymnase-yverdon.ch\/developpementdurable\/wp-content\/uploads\/sites\/5\/2016\/05\/Un-village-une-famille-logo-2-2.jpg\"><img loading=\"lazy\" decoding=\"async\" class=\"wp-image-1290 aligncenter\" src=\"http:\/\/gymnase-yverdon.ch\/developpementdurable\/wp-content\/uploads\/sites\/5\/2016\/05\/Un-village-une-famille-logo-2-2.jpg\" alt=\"Un village une famille - logo\" width=\"251\" height=\"183\" \/><\/a><br \/>\nImage d&rsquo;accueil du site de l&rsquo;association \u00ab\u00a0<a href=\"http:\/\/www.unvillage-unefamille.ch\" target=\"_blank\" rel=\"noopener noreferrer\">Un village, une famille<\/a>\u00ab\u00a0.<\/p>\n<p>En mai 2016, Estelle et Oc\u00e9ane ont \u00e9tabli un premier contact avec la commune de Bonvillars pour d\u00e9velopper leur projet. Il en est ressorti qu&rsquo;un appartement allait se lib\u00e9rer en 2017 et qu&rsquo;il pourrait \u00eatre mis \u00e0 disposition d&rsquo;une famille de migrants.<\/p>\n<p style=\"text-align: center\"><a href=\"http:\/\/gymnase-yverdon.ch\/developpementdurable\/wp-content\/uploads\/sites\/5\/2016\/05\/TN2m_074-2-2.jpg\"><img loading=\"lazy\" decoding=\"async\" class=\"alignnone size-medium wp-image-1858 aligncenter\" src=\"http:\/\/gymnase-yverdon.ch\/developpementdurable\/wp-content\/uploads\/sites\/5\/2016\/05\/TN2m_074-2-300x200.jpg\" alt=\"\" width=\"300\" height=\"200\" srcset=\"https:\/\/gymnase-yverdon.ch\/developpementdurable\/wp-content\/uploads\/sites\/5\/2016\/05\/TN2m_074-2-300x200.jpg 300w, https:\/\/gymnase-yverdon.ch\/developpementdurable\/wp-content\/uploads\/sites\/5\/2016\/05\/TN2m_074-2-1024x683.jpg 1024w, https:\/\/gymnase-yverdon.ch\/developpementdurable\/wp-content\/uploads\/sites\/5\/2016\/05\/TN2m_074-2-768x512.jpg 768w, https:\/\/gymnase-yverdon.ch\/developpementdurable\/wp-content\/uploads\/sites\/5\/2016\/05\/TN2m_074-2-1536x1024.jpg 1536w, https:\/\/gymnase-yverdon.ch\/developpementdurable\/wp-content\/uploads\/sites\/5\/2016\/05\/TN2m_074-2.jpg 1920w\" sizes=\"auto, (max-width: 300px) 100vw, 300px\" \/><\/a>Oc\u00e9ane Pittet (\u00e0 gauche) et Estelle Boudier pr\u00e9sentant leur projet \u00e0 la <a href=\"https:\/\/www.gyyv.vd.ch\/journeedelaterre\/\" target=\"_blank\" rel=\"noopener noreferrer\">2e Journ\u00e9e de la Terre nourrici\u00e8re en 2016<\/a> (Photo D. Domeniconi).<\/p>\n<p>En mai\/juin 2017, une ann\u00e9e apr\u00e8s avoir termin\u00e9 leur gymnase, Estelle et Oc\u00e9ane ont lanc\u00e9, via leur <a href=\"https:\/\/www.facebook.com\/estelle.boudier?hc_ref=PAGES_TIMELINE\" target=\"_blank\" rel=\"noopener noreferrer\">page Facebook<\/a>, un appel aux b\u00e9n\u00e9voles pour les soutenir dans leur d\u00e9marche et ont eu l&rsquo;occasion de pr\u00e9senter leur projet plus en d\u00e9tail au Conseil communal de Bonvillars. Ce dernier s&rsquo;est dit int\u00e9ress\u00e9 par leur id\u00e9e et a souhait\u00e9 qu&rsquo;une association se constitue pour impliquer les citoyen-nes de Bonvillars, t\u00e2che \u00e0 laquelle Estelle et Oc\u00e9ane vont se consacrer pendant l&rsquo;\u00e9t\u00e9 2017. Le Conseil communal et la municipalit\u00e9 vont donc r\u00e9fl\u00e9chir \u00e0 quelle suite donner \u00e0 ce projet et rendront prochainement leur d\u00e9cision. Le journal <a href=\"https:\/\/www.laregion.ch\/\" target=\"_blank\" rel=\"noopener noreferrer\">La R\u00e9gion<\/a> y consacre par ailleurs un article dans son \u00e9dition du 28 juin 2017.<\/p>\n<p style=\"text-align: center\"><a href=\"http:\/\/gymnase-yverdon.ch\/developpementdurable\/wp-content\/uploads\/sites\/5\/2017\/07\/Famille-de-migrants-a-Bonvillars-La-region-28.06.17-2-2.png\"><img loading=\"lazy\" decoding=\"async\" class=\"alignnone size-full wp-image-2141\" src=\"http:\/\/gymnase-yverdon.ch\/developpementdurable\/wp-content\/uploads\/sites\/5\/2017\/07\/Famille-de-migrants-a-Bonvillars-La-region-28.06.17-2-2.png\" alt=\"\" width=\"650\" height=\"392\" \/><\/a><\/p>\n<p style=\"text-align: center\">\u00ab\u00a0Deux \u00e9tudiantes veulent accueillir une famille syrienne\u00a0\u00bb, <a href=\"https:\/\/www.laregion.ch\/\" target=\"_blank\" rel=\"noopener noreferrer\">La R\u00e9gion<\/a>, 28.06.17<\/p>\n<p>&nbsp;<\/p>\n","protected":false},"excerpt":{"rendered":"<p>Durant l&rsquo;ann\u00e9e scolaire 2015-16, Estelle Boudier et Oc\u00e9ane Pittet ont d\u00e9cid\u00e9, dans le cadre de l&rsquo;OC de g\u00e9ographie de 3\u00e8me ann\u00e9e de maturit\u00e9, de mettre sur pied un projet visant \u00e0 accueillir une famille de migrants dans leur village de Bonvillars. Pour se faire, elles se sont inspir\u00e9es du projet &#8230;<\/p>\n<p> <a class=\"continue-reading-link\" href=\"https:\/\/gymnase-yverdon.ch\/developpementdurable\/2017\/07\/03\/une-famille-de-migrants-a-bonvillars\/\"><span>Continue reading<\/span><i class=\"crycon-right-dir\"><\/i><\/a> <\/p>\n","protected":false},"author":13,"featured_media":1996,"comment_status":"closed","ping_status":"closed","sticky":false,"template":"","format":"standard","meta":{"inline_featured_image":false,"footnotes":""},"categories":[11,17,24],"tags":[],"class_list":["post-2140","post","type-post","status-publish","format-standard","has-post-thumbnail","hentry","category-education-a-la-durabilite","category-geographie","category-social"],"_links":{"self":[{"href":"https:\/\/gymnase-yverdon.ch\/developpementdurable\/wp-json\/wp\/v2\/posts\/2140","targetHints":{"allow":["GET"]}}],"collection":[{"href":"https:\/\/gymnase-yverdon.ch\/developpementdurable\/wp-json\/wp\/v2\/posts"}],"about":[{"href":"https:\/\/gymnase-yverdon.ch\/developpementdurable\/wp-json\/wp\/v2\/types\/post"}],"author":[{"embeddable":true,"href":"https:\/\/gymnase-yverdon.ch\/developpementdurable\/wp-json\/wp\/v2\/users\/13"}],"replies":[{"embeddable":true,"href":"https:\/\/gymnase-yverdon.ch\/developpementdurable\/wp-json\/wp\/v2\/comments?post=2140"}],"version-history":[{"count":0,"href":"https:\/\/gymnase-yverdon.ch\/developpementdurable\/wp-json\/wp\/v2\/posts\/2140\/revisions"}],"wp:featuredmedia":[{"embeddable":true,"href":"https:\/\/gymnase-yverdon.ch\/developpementdurable\/wp-json\/wp\/v2\/media\/1996"}],"wp:attachment":[{"href":"https:\/\/gymnase-yverdon.ch\/developpementdurable\/wp-json\/wp\/v2\/media?parent=2140"}],"wp:term":[{"taxonomy":"category","embeddable":true,"href":"https:\/\/gymnase-yverdon.ch\/developpementdurable\/wp-json\/wp\/v2\/categories?post=2140"},{"taxonomy":"post_tag","embeddable":true,"href":"https:\/\/gymnase-yverdon.ch\/developpementdurable\/wp-json\/wp\/v2\/tags?post=2140"}],"curies":[{"name":"wp","href":"https:\/\/api.w.org\/{rel}","templated":true}]}}