{"id":1407,"date":"2016-09-16T10:34:51","date_gmt":"2016-09-16T09:34:51","guid":{"rendered":"https:\/\/www.gyyv.vd.ch\/developpementdurable\/?p=1407"},"modified":"2016-09-16T10:34:51","modified_gmt":"2016-09-16T09:34:51","slug":"projection-du-film-demain","status":"publish","type":"post","link":"https:\/\/gymnase-yverdon.ch\/developpementdurable\/2016\/09\/16\/projection-du-film-demain\/","title":{"rendered":"Projection du film \u00ab\u00a0Demain\u00a0\u00bb"},"content":{"rendered":"<p style=\"text-align: center\"><a href=\"http:\/\/gymnase-yverdon.ch\/developpementdurable\/wp-content\/uploads\/sites\/5\/2016\/09\/Demain-affiche-2-2.jpg\"><img loading=\"lazy\" decoding=\"async\" class=\"alignnone size-medium wp-image-1408\" src=\"http:\/\/gymnase-yverdon.ch\/developpementdurable\/wp-content\/uploads\/sites\/5\/2016\/09\/Demain-affiche-2-221x300.jpg\" alt=\"demain-affiche\" width=\"221\" height=\"300\" srcset=\"https:\/\/gymnase-yverdon.ch\/developpementdurable\/wp-content\/uploads\/sites\/5\/2016\/09\/Demain-affiche-2-221x300.jpg 221w, https:\/\/gymnase-yverdon.ch\/developpementdurable\/wp-content\/uploads\/sites\/5\/2016\/09\/Demain-affiche-2-754x1024.jpg 754w, https:\/\/gymnase-yverdon.ch\/developpementdurable\/wp-content\/uploads\/sites\/5\/2016\/09\/Demain-affiche-2-768x1043.jpg 768w, https:\/\/gymnase-yverdon.ch\/developpementdurable\/wp-content\/uploads\/sites\/5\/2016\/09\/Demain-affiche-2-1131x1536.jpg 1131w, https:\/\/gymnase-yverdon.ch\/developpementdurable\/wp-content\/uploads\/sites\/5\/2016\/09\/Demain-affiche-2.jpg 1178w\" sizes=\"auto, (max-width: 221px) 100vw, 221px\" \/><\/a><\/p>\n<p>Organis\u00e9e conjointement par les aum\u00f4nier-\u00e8res et la file de g\u00e9ographie et avec le soutien de la Direction, une projection du documentaire <em>Demain <\/em>(<a href=\"https:\/\/www.demain-lefilm.com\/\" target=\"_blank\" rel=\"noopener noreferrer\">https:\/\/www.demain-lefilm.com\/<\/a>) est propos\u00e9e aux \u00e9l\u00e8ves de 2M le :<\/p>\n<p style=\"text-align: center\"><strong>mardi 27 septembre 2016<br \/>\n13h35 \u00e0 16h30, cin\u00e9ma Bel-Air, Yverdon<\/strong><\/p>\n<p>Au vu du succ\u00e8s rencontr\u00e9 par ce film et pour le message positif et constructif qu\u2019il v\u00e9hicule en montrant par des exemples concrets que des solutions aux enjeux contemporains existent, les organisateurs ont souhait\u00e9 en proposer une projection, suivie par un d\u00e9bat, aux \u00e9l\u00e8ves de 2M.<\/p>\n<p>A l\u2019image de nombreuses initiatives qui ont d\u00e9j\u00e0 vu le jour au gymnase \u00e0 l\u2019instigation des \u00e9l\u00e8ves et des enseignants (<a href=\"https:\/\/www.gyyv.vd.ch\/developpementdurable\/page-d-exemple\/laboratoire-de-la-durabilite\/apiculture\/\">apiculture<\/a>, <a href=\"https:\/\/www.gyyv.vd.ch\/developpementdurable\/page-d-exemple\/laboratoire-de-la-durabilite\/arboriculture\/\">arboriculture<\/a>, <a href=\"https:\/\/www.gyyv.vd.ch\/journeedelaterre\/\" target=\"_blank\" rel=\"noopener noreferrer\">Journ\u00e9es de la Terre nourrici\u00e8re<\/a>, etc.), la projection de ce film pourrait servir de moteur et encourager d\u2019autres \u00e9l\u00e8ves \u00e0 s\u2019investir dans le domaine du d\u00e9veloppement durable, aussi bien au travers de travaux de recherche que de projets personnels.<\/p>\n<p><strong>Les \u00e9l\u00e8ves se rendent directement au cin\u00e9ma Bel-Air pour 13h35. <\/strong>Les ma\u00eetre-sses et le personnel qui le d\u00e9sirent sont bien entendu chaleureusement invit\u00e9s \u00e0 cette projection.<\/p>\n<p>L. Shammas, F. Steinhauer, C. Henchoz<\/p>\n<p><iframe loading=\"lazy\" width=\"900\" height=\"506\" src=\"https:\/\/www.youtube.com\/embed\/Bk2LnbrXx_I?feature=oembed\" frameborder=\"0\" allowfullscreen><\/iframe><\/p>\n","protected":false},"excerpt":{"rendered":"<p>Organis\u00e9e conjointement par les aum\u00f4nier-\u00e8res et la file de g\u00e9ographie et avec le soutien de la Direction, une projection du documentaire Demain (https:\/\/www.demain-lefilm.com\/) est propos\u00e9e aux \u00e9l\u00e8ves de 2M le : mardi 27 septembre 2016 13h35 \u00e0 16h30, cin\u00e9ma Bel-Air, Yverdon Au vu du succ\u00e8s rencontr\u00e9 par ce film et &#8230;<\/p>\n<p> <a class=\"continue-reading-link\" href=\"https:\/\/gymnase-yverdon.ch\/developpementdurable\/2016\/09\/16\/projection-du-film-demain\/\"><span>Continue reading<\/span><i class=\"crycon-right-dir\"><\/i><\/a> <\/p>\n","protected":false},"author":13,"featured_media":1408,"comment_status":"closed","ping_status":"closed","sticky":false,"template":"","format":"standard","meta":{"inline_featured_image":false,"footnotes":""},"categories":[6,14,17],"tags":[],"class_list":["post-1407","post","type-post","status-publish","format-standard","has-post-thumbnail","hentry","category-aumonerie","category-films-sur-le-dd","category-geographie"],"_links":{"self":[{"href":"https:\/\/gymnase-yverdon.ch\/developpementdurable\/wp-json\/wp\/v2\/posts\/1407","targetHints":{"allow":["GET"]}}],"collection":[{"href":"https:\/\/gymnase-yverdon.ch\/developpementdurable\/wp-json\/wp\/v2\/posts"}],"about":[{"href":"https:\/\/gymnase-yverdon.ch\/developpementdurable\/wp-json\/wp\/v2\/types\/post"}],"author":[{"embeddable":true,"href":"https:\/\/gymnase-yverdon.ch\/developpementdurable\/wp-json\/wp\/v2\/users\/13"}],"replies":[{"embeddable":true,"href":"https:\/\/gymnase-yverdon.ch\/developpementdurable\/wp-json\/wp\/v2\/comments?post=1407"}],"version-history":[{"count":0,"href":"https:\/\/gymnase-yverdon.ch\/developpementdurable\/wp-json\/wp\/v2\/posts\/1407\/revisions"}],"wp:featuredmedia":[{"embeddable":true,"href":"https:\/\/gymnase-yverdon.ch\/developpementdurable\/wp-json\/wp\/v2\/media\/1408"}],"wp:attachment":[{"href":"https:\/\/gymnase-yverdon.ch\/developpementdurable\/wp-json\/wp\/v2\/media?parent=1407"}],"wp:term":[{"taxonomy":"category","embeddable":true,"href":"https:\/\/gymnase-yverdon.ch\/developpementdurable\/wp-json\/wp\/v2\/categories?post=1407"},{"taxonomy":"post_tag","embeddable":true,"href":"https:\/\/gymnase-yverdon.ch\/developpementdurable\/wp-json\/wp\/v2\/tags?post=1407"}],"curies":[{"name":"wp","href":"https:\/\/api.w.org\/{rel}","templated":true}]}}