{"id":1373,"date":"2016-06-01T14:07:57","date_gmt":"2016-06-01T13:07:57","guid":{"rendered":"https:\/\/www.gyyv.vd.ch\/developpementdurable\/?p=1373"},"modified":"2016-06-01T14:07:57","modified_gmt":"2016-06-01T13:07:57","slug":"le-gyyv-au-festival-alternatyv-a-yverdon","status":"publish","type":"post","link":"https:\/\/gymnase-yverdon.ch\/developpementdurable\/2016\/06\/01\/le-gyyv-au-festival-alternatyv-a-yverdon\/","title":{"rendered":"Le GYYV au festival AlternatYv \u00e0 Yverdon"},"content":{"rendered":"<p>Accompagn\u00e9s de 24 jeunes de la r\u00e9gion (\u00e9tudiants au gymnase, \u00e0 l\u2019universit\u00e9, \u00e0 une haute \u00e9cole ou en apprentissage), et soutenus par le Conseil des Jeunes d\u2019Yverdon-les-Bains, par l\u2019Agenda 21 de la ville, par le Gymnase d\u2019Yverdon et encore d\u2019<a href=\"http:\/\/www.alternatyv.ch\/#sponsors_anchor\" target=\"_blank\" rel=\"noopener noreferrer\">autres partenaires<\/a>, Mathilde Marendaz et Mathias Ortega, \u00e9tudiant-e-s au Gymnase d&rsquo;Yverdon, ont voulu cr\u00e9er un festival pour informer et sensibiliser la population aux probl\u00e8mes actuels tout en \u00ab\u00a0mettant en lumi\u00e8re les solutions qui existent dans la r\u00e9gion\u00a0\u00bb et en cr\u00e9ant \u00ab\u00a0des liens entre les habitants.\u00a0\u00bb<\/p>\n<p style=\"text-align: center\"><a href=\"http:\/\/gymnase-yverdon.ch\/developpementdurable\/wp-content\/uploads\/sites\/5\/2016\/01\/AlternatYv-cest-qui-2-2.jpg\"><img loading=\"lazy\" decoding=\"async\" class=\"wp-image-1367 aligncenter\" src=\"http:\/\/gymnase-yverdon.ch\/developpementdurable\/wp-content\/uploads\/sites\/5\/2016\/01\/AlternatYv-cest-qui-2-300x111.jpg\" alt=\"AlternatYv c'est qui\" width=\"395\" height=\"146\" srcset=\"https:\/\/gymnase-yverdon.ch\/developpementdurable\/wp-content\/uploads\/sites\/5\/2016\/01\/AlternatYv-cest-qui-2-300x111.jpg 300w, https:\/\/gymnase-yverdon.ch\/developpementdurable\/wp-content\/uploads\/sites\/5\/2016\/01\/AlternatYv-cest-qui-2-1024x379.jpg 1024w, https:\/\/gymnase-yverdon.ch\/developpementdurable\/wp-content\/uploads\/sites\/5\/2016\/01\/AlternatYv-cest-qui-2-768x284.jpg 768w, https:\/\/gymnase-yverdon.ch\/developpementdurable\/wp-content\/uploads\/sites\/5\/2016\/01\/AlternatYv-cest-qui-2.jpg 1280w\" sizes=\"auto, (max-width: 395px) 100vw, 395px\" \/><\/a>Plusieurs \u00e9tudiants du Gymnase d&rsquo;Yverdon sont \u00e0 la base<br \/>\ndu festival <a href=\"http:\/\/www.alternatyv.ch\/\" target=\"_blank\" rel=\"noopener noreferrer\">AlternatYv<\/a> (image : site <a href=\"http:\/\/www.alternatyv.ch\/\" target=\"_blank\" rel=\"noopener noreferrer\">AlternatYv<\/a>)<\/p>\n<p>Fort de l\u2019engagement de plusieurs enseignant-e-s et \u00e9tudiant-e-s dans le domaine du d\u00e9veloppement durable, le Gymnase d\u2019Yverdon se r\u00e9jouit de prendre part au festival AternatYv en pr\u00e9sentant les travaux d\u2019\u00e9tudiant-e-s r\u00e9alis\u00e9s dans le cadre de l\u2019<a href=\"https:\/\/www.gyyv.vd.ch\/developpementdurable\/page-d-exemple\/etudes-et-recherche\/geographie\/oc-2015-16\/\">option compl\u00e9mentaire de g\u00e9ographie 2015-16<\/a> :<\/p>\n<ul>\n<li><strong>Roman Perceval<\/strong> et son <a href=\"https:\/\/www.gyyv.vd.ch\/developpementdurable\/page-d-exemple\/laboratoire-de-la-durabilite\/films-sur-le-developpement-durable\/fabrication-dun-ukulele\/\">ukulele<\/a> fabriqu\u00e9 \u00e0 partir de la r\u00e9cup\u00e9ration de d\u00e9chets ainsi que ses tutoriels pour en faire de m\u00eame;<\/li>\n<li><strong>Romane Claustre<\/strong> qui fabrique elle-m\u00eame ses produits cosm\u00e9tiques et propose des recettes sur sa page <a href=\"https:\/\/www.gyyv.vd.ch\/developpementdurable\/page-d-exemple\/laboratoire-de-la-durabilite\/des-solutions-concretes\/consommactrice\/\">Facebook<\/a>;<\/li>\n<li><strong>Ella-Mona Chevalley<\/strong> et ses <a href=\"https:\/\/www.gyyv.vd.ch\/developpementdurable\/2016\/05\/07\/a-la-croisee-de-lart-et-de-lenvironnement\/\">cr\u00e9ations artistiques<\/a> \u00e0 partir de la r\u00e9cup\u00e9ration de d\u00e9chets;<\/li>\n<li><strong>Valentine Girardier<\/strong> qui a choisi la photographie pour attirer l\u2019attention sur les probl\u00e8mes environnementaux;<\/li>\n<li><strong>Nadia Rytz<\/strong> qui propose des <a href=\"https:\/\/www.gyyv.vd.ch\/developpementdurable\/2016\/05\/22\/des-peintures-locales-pour-une-prise-de-conscience-globale\/\">peintures murales<\/a> pour faire prendre conscience des enjeux du 21e si\u00e8cle;<\/li>\n<li><strong>Hugo Simon<\/strong> et <strong>Thomas Rytz<\/strong> qui ont cr\u00e9\u00e9 une <a href=\"https:\/\/www.gyyv.vd.ch\/developpementdurable\/page-d-exemple\/laboratoire-de-la-durabilite\/films-sur-le-developpement-durable\/publicite-espoir-dhugo-simon-et-thomas-rytz\/\">publicit\u00e9<\/a> pour sensibiliser le public aux d\u00e9chets;<\/li>\n<li><strong>Caroline Bise<\/strong> qui a mis sur pied un <a href=\"https:\/\/www.gyyv.vd.ch\/developpementdurable\/2016\/05\/10\/agir-contre-le-gaspillage-textile\/\">atelier<\/a> visant \u00e0 lutter contre le gaspillage textile.<\/li>\n<\/ul>\n<p>Pour plus d&rsquo;informations et\/ou pour vous engager, rendez-vous sur <a href=\"http:\/\/www.alternatyv.ch\/\" target=\"_blank\" rel=\"noopener noreferrer\">le site du festival AlternatYv<\/a>.<\/p>\n","protected":false},"excerpt":{"rendered":"<p>Accompagn\u00e9s de 24 jeunes de la r\u00e9gion (\u00e9tudiants au gymnase, \u00e0 l\u2019universit\u00e9, \u00e0 une haute \u00e9cole ou en apprentissage), et soutenus par le Conseil des Jeunes d\u2019Yverdon-les-Bains, par l\u2019Agenda 21 de la ville, par le Gymnase d\u2019Yverdon et encore d\u2019autres partenaires, Mathilde Marendaz et Mathias Ortega, \u00e9tudiant-e-s au Gymnase d&rsquo;Yverdon, &#8230;<\/p>\n<p> <a class=\"continue-reading-link\" href=\"https:\/\/gymnase-yverdon.ch\/developpementdurable\/2016\/06\/01\/le-gyyv-au-festival-alternatyv-a-yverdon\/\"><span>Continue reading<\/span><i class=\"crycon-right-dir\"><\/i><\/a> <\/p>\n","protected":false},"author":13,"featured_media":1367,"comment_status":"closed","ping_status":"closed","sticky":false,"template":"","format":"standard","meta":{"inline_featured_image":false,"footnotes":""},"categories":[17],"tags":[],"class_list":["post-1373","post","type-post","status-publish","format-standard","has-post-thumbnail","hentry","category-geographie"],"_links":{"self":[{"href":"https:\/\/gymnase-yverdon.ch\/developpementdurable\/wp-json\/wp\/v2\/posts\/1373","targetHints":{"allow":["GET"]}}],"collection":[{"href":"https:\/\/gymnase-yverdon.ch\/developpementdurable\/wp-json\/wp\/v2\/posts"}],"about":[{"href":"https:\/\/gymnase-yverdon.ch\/developpementdurable\/wp-json\/wp\/v2\/types\/post"}],"author":[{"embeddable":true,"href":"https:\/\/gymnase-yverdon.ch\/developpementdurable\/wp-json\/wp\/v2\/users\/13"}],"replies":[{"embeddable":true,"href":"https:\/\/gymnase-yverdon.ch\/developpementdurable\/wp-json\/wp\/v2\/comments?post=1373"}],"version-history":[{"count":0,"href":"https:\/\/gymnase-yverdon.ch\/developpementdurable\/wp-json\/wp\/v2\/posts\/1373\/revisions"}],"wp:featuredmedia":[{"embeddable":true,"href":"https:\/\/gymnase-yverdon.ch\/developpementdurable\/wp-json\/wp\/v2\/media\/1367"}],"wp:attachment":[{"href":"https:\/\/gymnase-yverdon.ch\/developpementdurable\/wp-json\/wp\/v2\/media?parent=1373"}],"wp:term":[{"taxonomy":"category","embeddable":true,"href":"https:\/\/gymnase-yverdon.ch\/developpementdurable\/wp-json\/wp\/v2\/categories?post=1373"},{"taxonomy":"post_tag","embeddable":true,"href":"https:\/\/gymnase-yverdon.ch\/developpementdurable\/wp-json\/wp\/v2\/tags?post=1373"}],"curies":[{"name":"wp","href":"https:\/\/api.w.org\/{rel}","templated":true}]}}