{"id":1324,"date":"2016-05-22T14:01:01","date_gmt":"2016-05-22T13:01:01","guid":{"rendered":"https:\/\/www.gyyv.vd.ch\/developpementdurable\/?p=1324"},"modified":"2016-05-22T14:01:01","modified_gmt":"2016-05-22T13:01:01","slug":"des-peintures-locales-pour-une-prise-de-conscience-globale","status":"publish","type":"post","link":"https:\/\/gymnase-yverdon.ch\/developpementdurable\/2016\/05\/22\/des-peintures-locales-pour-une-prise-de-conscience-globale\/","title":{"rendered":"Des peintures locales pour une prise de conscience globale"},"content":{"rendered":"<p>Inspir\u00e9e par le <a href=\"https:\/\/fr.wiktionary.org\/wiki\/muralisme\" target=\"_blank\" rel=\"noopener noreferrer\">muralisme<\/a>, Nadia Rytz a d\u00e9cid\u00e9, dans le cadre de l&rsquo;<a href=\"https:\/\/www.gyyv.vd.ch\/developpementdurable\/page-d-exemple\/etudes-et-recherche\/geographie\/oc-2015-16\/\">OC de g\u00e9ographie 2015-16<\/a>, de mettre sa passion pour l&rsquo;art au service de l&rsquo;environnement en se lan\u00e7ant dans la cr\u00e9ation de peintures murales qu&rsquo;elle souhaite int\u00e9grer dans l&rsquo;espace urbain.<\/p>\n<p style=\"text-align: center\"><a href=\"http:\/\/gymnase-yverdon.ch\/developpementdurable\/wp-content\/uploads\/sites\/5\/2016\/05\/Enfants-FINAL-2-2.jpg\"><img loading=\"lazy\" decoding=\"async\" class=\"size-medium wp-image-1326 aligncenter\" src=\"http:\/\/gymnase-yverdon.ch\/developpementdurable\/wp-content\/uploads\/sites\/5\/2016\/05\/Enfants-FINAL-2-300x202.jpg\" alt=\"Enfants FINAL\" width=\"300\" height=\"202\" srcset=\"https:\/\/gymnase-yverdon.ch\/developpementdurable\/wp-content\/uploads\/sites\/5\/2016\/05\/Enfants-FINAL-2-300x202.jpg 300w, https:\/\/gymnase-yverdon.ch\/developpementdurable\/wp-content\/uploads\/sites\/5\/2016\/05\/Enfants-FINAL-2.jpg 640w\" sizes=\"auto, (max-width: 300px) 100vw, 300px\" \/><\/a>\u00ab\u00a0Stop Destroying the World\u00a0\u00bb (N. Rytz)<\/p>\n<p>La r\u00e9alisation d&rsquo;un tel projet pouvant s&rsquo;\u00e9taler sur plusieurs ann\u00e9es et les difficult\u00e9s \u00e9tant potentiellement nombreuses (autorisations diverses \u00e0 obtenir, lieux \u00e0 d\u00e9terminer, etc.), Nadia a d\u00e9cid\u00e9 que la premi\u00e8re \u00e9tape du projet consisterait \u00e0 cr\u00e9er ces peintures de mani\u00e8re virtuelle.<\/p>\n<p style=\"text-align: center\"><a href=\"http:\/\/gymnase-yverdon.ch\/developpementdurable\/wp-content\/uploads\/sites\/5\/2016\/05\/NADIA-FINAL-2-2.jpg\"><img loading=\"lazy\" decoding=\"async\" class=\"alignnone size-medium wp-image-1327\" src=\"http:\/\/gymnase-yverdon.ch\/developpementdurable\/wp-content\/uploads\/sites\/5\/2016\/05\/NADIA-FINAL-2-300x190.jpg\" alt=\"NADIA FINAL\" width=\"300\" height=\"190\" srcset=\"https:\/\/gymnase-yverdon.ch\/developpementdurable\/wp-content\/uploads\/sites\/5\/2016\/05\/NADIA-FINAL-2-300x190.jpg 300w, https:\/\/gymnase-yverdon.ch\/developpementdurable\/wp-content\/uploads\/sites\/5\/2016\/05\/NADIA-FINAL-2-768x485.jpg 768w, https:\/\/gymnase-yverdon.ch\/developpementdurable\/wp-content\/uploads\/sites\/5\/2016\/05\/NADIA-FINAL-2.jpg 956w\" sizes=\"auto, (max-width: 300px) 100vw, 300px\" \/><\/a><br \/>\n\u00ab\u00a0Open Your Mind\u00a0\u00bb (N. Rytz)<\/p>\n<p>Pour ce faire, elle a r\u00e9alis\u00e9 de nombreux croquis et dessins qu&rsquo;elle a ensuite transf\u00e9r\u00e9s sur ordinateur. Puis, elle s&rsquo;est balad\u00e9e dans la ville d&rsquo;Yverdon \u00e0 la recherche de murs pouvant accueillir ses peintures qu&rsquo;elle a pris en photo. La derni\u00e8re \u00e9tape a consist\u00e9 \u00e0 ajouter par ordinateur ses peintures sur les photos.<\/p>\n<p style=\"text-align: center\"><a href=\"http:\/\/gymnase-yverdon.ch\/developpementdurable\/wp-content\/uploads\/sites\/5\/2016\/05\/ours-FINAL-2-2.jpg\"><img loading=\"lazy\" decoding=\"async\" class=\"alignnone size-medium wp-image-1328\" src=\"http:\/\/gymnase-yverdon.ch\/developpementdurable\/wp-content\/uploads\/sites\/5\/2016\/05\/ours-FINAL-2-300x194.jpg\" alt=\"ours FINAL\" width=\"300\" height=\"194\" srcset=\"https:\/\/gymnase-yverdon.ch\/developpementdurable\/wp-content\/uploads\/sites\/5\/2016\/05\/ours-FINAL-2-300x194.jpg 300w, https:\/\/gymnase-yverdon.ch\/developpementdurable\/wp-content\/uploads\/sites\/5\/2016\/05\/ours-FINAL-2-1024x662.jpg 1024w, https:\/\/gymnase-yverdon.ch\/developpementdurable\/wp-content\/uploads\/sites\/5\/2016\/05\/ours-FINAL-2-768x497.jpg 768w, https:\/\/gymnase-yverdon.ch\/developpementdurable\/wp-content\/uploads\/sites\/5\/2016\/05\/ours-FINAL-2-1536x994.jpg 1536w, https:\/\/gymnase-yverdon.ch\/developpementdurable\/wp-content\/uploads\/sites\/5\/2016\/05\/ours-FINAL-2.jpg 1600w\" sizes=\"auto, (max-width: 300px) 100vw, 300px\" \/><\/a><br \/>\n\u00ab\u00a0L&rsquo;ours \u00e0 la d\u00e9rive\u00a0\u00bb (N. Rytz)<\/p>\n<p>Pour la suite, Nadia a sollicit\u00e9 l&rsquo;aide du peintre genevois <a href=\"http:\/\/www.ssbart-geneve.ch\/ARTISTES\/agni1.html\" target=\"_blank\" rel=\"noopener noreferrer\">Antoine Piron-Meyer<\/a>, fondateur du groupe <a href=\"http:\/\/www.vaisseau.ch\/index.php?page=paragraph&amp;iId=24\" target=\"_blank\" rel=\"noopener noreferrer\">Vaisseau<\/a>, qui a accept\u00e9 de l&rsquo;accompagner dans son projet afin de r\u00e9aliser concr\u00e8tement les peintures.<\/p>\n<p style=\"text-align: center\"><a href=\"http:\/\/gymnase-yverdon.ch\/developpementdurable\/wp-content\/uploads\/sites\/5\/2016\/05\/Terre-FNAL-2-2.jpg\"><img loading=\"lazy\" decoding=\"async\" class=\"alignnone size-medium wp-image-1329\" src=\"http:\/\/gymnase-yverdon.ch\/developpementdurable\/wp-content\/uploads\/sites\/5\/2016\/05\/Terre-FNAL-2-300x225.jpg\" alt=\"Terre FNAL\" width=\"300\" height=\"225\" srcset=\"https:\/\/gymnase-yverdon.ch\/developpementdurable\/wp-content\/uploads\/sites\/5\/2016\/05\/Terre-FNAL-2-300x225.jpg 300w, https:\/\/gymnase-yverdon.ch\/developpementdurable\/wp-content\/uploads\/sites\/5\/2016\/05\/Terre-FNAL-2.jpg 640w\" sizes=\"auto, (max-width: 300px) 100vw, 300px\" \/><\/a><br \/>\n\u00ab\u00a0La Terre n&rsquo;est pas un objet de consommation rapide\u00a0\u00bb (N. Rytz)<\/p>\n","protected":false},"excerpt":{"rendered":"<p>Inspir\u00e9e par le muralisme, Nadia Rytz a d\u00e9cid\u00e9, dans le cadre de l&rsquo;OC de g\u00e9ographie 2015-16, de mettre sa passion pour l&rsquo;art au service de l&rsquo;environnement en se lan\u00e7ant dans la cr\u00e9ation de peintures murales qu&rsquo;elle souhaite int\u00e9grer dans l&rsquo;espace urbain. \u00ab\u00a0Stop Destroying the World\u00a0\u00bb (N. Rytz) La r\u00e9alisation d&rsquo;un &#8230;<\/p>\n<p> <a class=\"continue-reading-link\" href=\"https:\/\/gymnase-yverdon.ch\/developpementdurable\/2016\/05\/22\/des-peintures-locales-pour-une-prise-de-conscience-globale\/\"><span>Continue reading<\/span><i class=\"crycon-right-dir\"><\/i><\/a> <\/p>\n","protected":false},"author":13,"featured_media":1326,"comment_status":"closed","ping_status":"closed","sticky":false,"template":"","format":"standard","meta":{"inline_featured_image":false,"footnotes":""},"categories":[5,11,13,17,20],"tags":[],"class_list":["post-1324","post","type-post","status-publish","format-standard","has-post-thumbnail","hentry","category-art","category-education-a-la-durabilite","category-environnement","category-geographie","category-journee-de-la-terre-nourriciere"],"_links":{"self":[{"href":"https:\/\/gymnase-yverdon.ch\/developpementdurable\/wp-json\/wp\/v2\/posts\/1324","targetHints":{"allow":["GET"]}}],"collection":[{"href":"https:\/\/gymnase-yverdon.ch\/developpementdurable\/wp-json\/wp\/v2\/posts"}],"about":[{"href":"https:\/\/gymnase-yverdon.ch\/developpementdurable\/wp-json\/wp\/v2\/types\/post"}],"author":[{"embeddable":true,"href":"https:\/\/gymnase-yverdon.ch\/developpementdurable\/wp-json\/wp\/v2\/users\/13"}],"replies":[{"embeddable":true,"href":"https:\/\/gymnase-yverdon.ch\/developpementdurable\/wp-json\/wp\/v2\/comments?post=1324"}],"version-history":[{"count":0,"href":"https:\/\/gymnase-yverdon.ch\/developpementdurable\/wp-json\/wp\/v2\/posts\/1324\/revisions"}],"wp:featuredmedia":[{"embeddable":true,"href":"https:\/\/gymnase-yverdon.ch\/developpementdurable\/wp-json\/wp\/v2\/media\/1326"}],"wp:attachment":[{"href":"https:\/\/gymnase-yverdon.ch\/developpementdurable\/wp-json\/wp\/v2\/media?parent=1324"}],"wp:term":[{"taxonomy":"category","embeddable":true,"href":"https:\/\/gymnase-yverdon.ch\/developpementdurable\/wp-json\/wp\/v2\/categories?post=1324"},{"taxonomy":"post_tag","embeddable":true,"href":"https:\/\/gymnase-yverdon.ch\/developpementdurable\/wp-json\/wp\/v2\/tags?post=1324"}],"curies":[{"name":"wp","href":"https:\/\/api.w.org\/{rel}","templated":true}]}}