{"id":369,"date":"2024-02-08T15:32:48","date_gmt":"2024-02-08T14:32:48","guid":{"rendered":"https:\/\/gymnase-yverdon.ch\/50ans\/?p=369"},"modified":"2024-02-08T15:41:21","modified_gmt":"2024-02-08T14:41:21","slug":"lfm-et-radio-lac","status":"publish","type":"post","link":"https:\/\/gymnase-yverdon.ch\/50ans\/2024\/02\/08\/lfm-et-radio-lac\/","title":{"rendered":"LFM radio et Radio Lac &#8211; Le gymnase d&rsquo;Yverdon f\u00eatera ses 50 ans toute l&rsquo;ann\u00e9e"},"content":{"rendered":"\n[et_pb_section fb_built=\u00a0\u00bb1&Prime; _builder_version=\u00a0\u00bb4.21.0&Prime; _module_preset=\u00a0\u00bbdefault\u00a0\u00bb global_colors_info=\u00a0\u00bb{}\u00a0\u00bb][et_pb_row _builder_version=\u00a0\u00bb4.21.0&Prime; _module_preset=\u00a0\u00bbdefault\u00a0\u00bb global_colors_info=\u00a0\u00bb{}\u00a0\u00bb][et_pb_column type=\u00a0\u00bb4_4&Prime; _builder_version=\u00a0\u00bb4.21.0&Prime; _module_preset=\u00a0\u00bbdefault\u00a0\u00bb global_colors_info=\u00a0\u00bb{}\u00a0\u00bb][et_pb_text _builder_version=\u00a0\u00bb4.21.0&Prime; _module_preset=\u00a0\u00bbdefault\u00a0\u00bb global_colors_info=\u00a0\u00bb{}\u00a0\u00bb]<p class=\"lede\">Le gymnase d&rsquo;Yverdon f\u00eate ses 50 ans en 2024. A cette occasion, plus de cinquante \u00e9v\u00e9nements culturels seront organis\u00e9s tout au long de l&rsquo;ann\u00e9e.<\/p>\n<p>A son ouverture en 1974, \u00ab\u00a0le CESSNOV (Centre d\u2019enseignement secondaire sup\u00e9rieur du Nord vaudois) est le premier \u00e9tablissement \u00e0 traduire une volont\u00e9 de d\u00e9centralisation dans les r\u00e9gions et \u00e0 permettre \u00e0 de jeunes Vaudoises et Vaudois d\u2019obtenir leur titre de formation postobligatoire ailleurs qu\u2019\u00e0 Lausanne\u00a0\u00bb, rappellent les autorit\u00e9s cantonales lundi dans un communiqu\u00e9.<\/p>\n<p>Depuis, l&rsquo;\u00e9tablissement a d\u00e9cern\u00e9 quelque 15&rsquo;000 titres aux jeunes de la r\u00e9gion. En un demi-si\u00e8cle, le nombre d&rsquo;\u00e9l\u00e8ves a quadrupl\u00e9, puisque la fr\u00e9quentation est pass\u00e9e de 350 jeunes en 1974 \u00e0 plus de 1400 en 2024. L&rsquo;\u00e9tablissement a \u00e9galement chang\u00e9 de nom en 2002, abandonnant son acronyme pour devenir plus simplement le \u00ab\u00a0Gymnase d&rsquo;Yverdon\u00a0\u00bb.<\/p>\n<p>Des festivit\u00e9s se d\u00e9rouleront tout au long de l&rsquo;ann\u00e9e pour c\u00e9l\u00e9brer ce jubil\u00e9. Avec la culture pour fil conducteur, elles donneront notamment lieu \u00e0 des expositions, des festivals, des conf\u00e9rences ainsi qu&rsquo;\u00e0 une semaine consacr\u00e9e \u00e0 l&rsquo;interculturalit\u00e9. Certains \u00e9v\u00e9nements seront r\u00e9serv\u00e9s aux \u00e9l\u00e8ves tandis que d&rsquo;autres seront ouverts \u00e0 toute la population.<\/p>\n<p class=\"p1\"><a href=\"https:\/\/www.lfm.ch\/actualite\/suisse\/romandie\/vaud\/le-gymnase-dyverdon-fetera-ses-50-ans-toute-lannee\/\">Article sur LFM radio<\/a><\/p>\n<p class=\"p1\"><a href=\"https:\/\/www.radiolac.ch\/actualite\/suisse\/le-gymnase-dyverdon-fetera-ses-50-ans-toute-lannee\/\">Article sur Radio Lac<\/a><\/p>\n<p class=\"p1\"><\/p>\n<h3 class=\"p1\">L&rsquo;invit\u00e9e qui fait : le Gymnase d&rsquo;Yverdon f\u00eate ses 50 ans avec sa directrice Anne Fournand<\/h3>\n<p class=\"p1\"><\/p>[\/et_pb_text][\/et_pb_column][\/et_pb_row][et_pb_row _builder_version=\u00a0\u00bb4.21.0&Prime; _module_preset=\u00a0\u00bbdefault\u00a0\u00bb global_colors_info=\u00a0\u00bb{}\u00a0\u00bb][et_pb_column type=\u00a0\u00bb4_4&Prime; _builder_version=\u00a0\u00bb4.21.0&Prime; _module_preset=\u00a0\u00bbdefault\u00a0\u00bb global_colors_info=\u00a0\u00bb{}\u00a0\u00bb][et_pb_video _builder_version=\u00a0\u00bb4.21.0&Prime; _module_preset=\u00a0\u00bbdefault\u00a0\u00bb hover_enabled=\u00a0\u00bb0&Prime; global_colors_info=\u00a0\u00bb{}\u00a0\u00bb src=\u00a0\u00bbhttps:\/\/www.youtube.com\/watch?v=rZbPDojz7uY\u00a0\u00bb sticky_enabled=\u00a0\u00bb0&Prime;][\/et_pb_video][\/et_pb_column][\/et_pb_row][\/et_pb_section]\n","protected":false},"excerpt":{"rendered":"<p>Le gymnase d&rsquo;Yverdon f\u00eate ses 50 ans en 2024. A cette occasion, plus de cinquante \u00e9v\u00e9nements culturels seront organis\u00e9s tout au long de l&rsquo;ann\u00e9e. A son ouverture en 1974, \u00ab\u00a0le CESSNOV (Centre d\u2019enseignement secondaire sup\u00e9rieur du Nord vaudois) est le premier \u00e9tablissement \u00e0 traduire une volont\u00e9 de d\u00e9centralisation dans les r\u00e9gions et \u00e0 permettre \u00e0 [&hellip;]<\/p>\n","protected":false},"author":6,"featured_media":0,"comment_status":"closed","ping_status":"open","sticky":false,"template":"","format":"standard","meta":{"_et_pb_use_builder":"on","_et_pb_old_content":"[et_pb_section fb_built=\"1\" _builder_version=\"4.21.0\" _module_preset=\"default\" global_colors_info=\"{}\"][et_pb_row _builder_version=\"4.21.0\" _module_preset=\"default\" global_colors_info=\"{}\"][et_pb_column type=\"4_4\" _builder_version=\"4.21.0\" _module_preset=\"default\" global_colors_info=\"{}\"][et_pb_text _builder_version=\"4.21.0\" _module_preset=\"default\" hover_enabled=\"0\" global_colors_info=\"{}\" sticky_enabled=\"0\"]\n<h4 class=\"p1\"><strong>50 ans d'histoire de la formation dans le Nord vaudois en un tour de table<span class=\"s1\"><\/span><\/strong><\/h4>\n<p class=\"p1\"><strong><span class=\"s1\">SOUVENIRS <\/span><\/strong><\/p>\n<p class=\"p1\">Directeur de gymnase : voil\u00e0 un m\u00e9tier bien particulier... Les quatres derniers titulaires de cette fonction se sont r\u00e9unis quelques semaines avant le d\u00e9but du 50e anniversaire du Gymnase d'Yverdon.<\/p>\n<p class=\"p1\"><em>Suivi de<\/em><\/p>\n\n<div class=\"page\" title=\"Page 2\">\n<div class=\"section\">\n<div class=\"layoutArea\">\n<div class=\"column\">\n<h4><span><strong>Travail et perse\u0301ve\u0301rance : une recette qui porte ses fruits !\u00a0<\/strong>\n<\/span><\/h4>\n<div class=\"page\" title=\"Page 2\">\n<div class=\"section\">\n<div class=\"layoutArea\">\n<div class=\"column\">\n\n<strong>FORMATION <\/strong>\n\n<span>Les deux groupes <\/span><span style=\"font-size: 15px;\">d\u2019e\u0301tudiants yverdonnois qui participent au Company Programme de Young Entreprise Switzerland (YES) ont expose\u0301 leur talent d\u2019orateur a\u0300 un panel d\u2019experts, samedi dernier. Une e\u0301quipe du Gymnase d\u2019Yverdon est sortie gagnante du concours !<\/span>\n\n<span style=\"font-size: 15px;\"><\/span>\n\n<\/div>\n<\/div>\n<\/div>\n<\/div>\n<\/div>\n<\/div>\n<\/div>\n<\/div>\n<p class=\"p1\">Articles dans le quotidien \"La R\u00e9gion\" du 8 f\u00e9vrier 2024<\/p>\n<p class=\"p1\"><a href=\"https:\/\/www.calameo.com\/read\/00509090474626594c0d8?authid=D3Dimd986R97\">Lien sur l'article dans la R\u00e9gion<\/a><\/p>\n<p class=\"p1\"><a href=\"https:\/\/gymnase-yverdon.ch\/data\/240208-LaRegion1.pdf\">Lire l'article en format PDF<\/a><\/p>\n<p class=\"p1\">[\/et_pb_text][\/et_pb_column][\/et_pb_row][\/et_pb_section]<\/p>","_et_gb_content_width":"2880","inline_featured_image":false,"footnotes":""},"categories":[37],"tags":[],"class_list":["post-369","post","type-post","status-publish","format-standard","hentry","category-presse"],"_links":{"self":[{"href":"https:\/\/gymnase-yverdon.ch\/50ans\/wp-json\/wp\/v2\/posts\/369","targetHints":{"allow":["GET"]}}],"collection":[{"href":"https:\/\/gymnase-yverdon.ch\/50ans\/wp-json\/wp\/v2\/posts"}],"about":[{"href":"https:\/\/gymnase-yverdon.ch\/50ans\/wp-json\/wp\/v2\/types\/post"}],"author":[{"embeddable":true,"href":"https:\/\/gymnase-yverdon.ch\/50ans\/wp-json\/wp\/v2\/users\/6"}],"replies":[{"embeddable":true,"href":"https:\/\/gymnase-yverdon.ch\/50ans\/wp-json\/wp\/v2\/comments?post=369"}],"version-history":[{"count":7,"href":"https:\/\/gymnase-yverdon.ch\/50ans\/wp-json\/wp\/v2\/posts\/369\/revisions"}],"predecessor-version":[{"id":377,"href":"https:\/\/gymnase-yverdon.ch\/50ans\/wp-json\/wp\/v2\/posts\/369\/revisions\/377"}],"wp:attachment":[{"href":"https:\/\/gymnase-yverdon.ch\/50ans\/wp-json\/wp\/v2\/media?parent=369"}],"wp:term":[{"taxonomy":"category","embeddable":true,"href":"https:\/\/gymnase-yverdon.ch\/50ans\/wp-json\/wp\/v2\/categories?post=369"},{"taxonomy":"post_tag","embeddable":true,"href":"https:\/\/gymnase-yverdon.ch\/50ans\/wp-json\/wp\/v2\/tags?post=369"}],"curies":[{"name":"wp","href":"https:\/\/api.w.org\/{rel}","templated":true}]}}