{"id":361,"date":"2024-02-08T08:22:18","date_gmt":"2024-02-08T07:22:18","guid":{"rendered":"https:\/\/gymnase-yverdon.ch\/50ans\/?p=361"},"modified":"2024-02-08T15:42:27","modified_gmt":"2024-02-08T14:42:27","slug":"laregion-fevrier2","status":"publish","type":"post","link":"https:\/\/gymnase-yverdon.ch\/50ans\/2024\/02\/08\/laregion-fevrier2\/","title":{"rendered":"Journal la R\u00e9gion &#8211; 8 f\u00e9vrier 2024"},"content":{"rendered":"\n[et_pb_section fb_built=\u00a0\u00bb1&Prime; _builder_version=\u00a0\u00bb4.21.0&Prime; _module_preset=\u00a0\u00bbdefault\u00a0\u00bb global_colors_info=\u00a0\u00bb{}\u00a0\u00bb][et_pb_row _builder_version=\u00a0\u00bb4.21.0&Prime; _module_preset=\u00a0\u00bbdefault\u00a0\u00bb global_colors_info=\u00a0\u00bb{}\u00a0\u00bb][et_pb_column type=\u00a0\u00bb4_4&Prime; _builder_version=\u00a0\u00bb4.21.0&Prime; _module_preset=\u00a0\u00bbdefault\u00a0\u00bb global_colors_info=\u00a0\u00bb{}\u00a0\u00bb][et_pb_text _builder_version=\u00a0\u00bb4.21.0&Prime; _module_preset=\u00a0\u00bbdefault\u00a0\u00bb hover_enabled=\u00a0\u00bb0&Prime; global_colors_info=\u00a0\u00bb{}\u00a0\u00bb sticky_enabled=\u00a0\u00bb0&Prime;]<h4 class=\"p1\"><strong>50 ans d&rsquo;histoire de la formation dans le Nord vaudois en un tour de table<span class=\"s1\"><\/span><\/strong><\/h4>\n<p class=\"p1\"><strong><span class=\"s1\">SOUVENIRS <\/span><\/strong><\/p>\n<p class=\"p1\">Directeur de gymnase : voil\u00e0 un m\u00e9tier bien particulier&#8230; Les quatres derniers titulaires de cette fonction se sont r\u00e9unis quelques semaines avant le d\u00e9but du 50e anniversaire du Gymnase d&rsquo;Yverdon.<\/p>\n<p class=\"p1\"><em>Suivi de<\/em><\/p>\n<div class=\"page\" title=\"Page 2\">\n<div class=\"section\">\n<div class=\"layoutArea\">\n<div class=\"column\">\n<h4><span><strong>Travail et perse\u0301ve\u0301rance : une recette qui porte ses fruits !\u00a0<\/strong><br \/><\/span><\/h4>\n<div class=\"page\" title=\"Page 2\">\n<div class=\"section\">\n<div class=\"layoutArea\">\n<div class=\"column\">\n<p><strong>FORMATION <\/strong><\/p>\n<p><span>Les deux groupes <\/span><span style=\"font-size: 15px;\">d\u2019e\u0301tudiants yverdonnois qui participent au Company Programme de Young Entreprise Switzerland (YES) ont expose\u0301 leur talent d\u2019orateur a\u0300 un panel d\u2019experts, samedi dernier. Une e\u0301quipe du Gymnase d\u2019Yverdon est sortie gagnante du concours !<\/span><\/p>\n<p><span style=\"font-size: 15px;\"><\/span><\/p>\n<\/div>\n<\/div>\n<\/div>\n<\/div>\n<\/div>\n<\/div>\n<\/div>\n<\/div>\n<p class=\"p1\">Articles dans le quotidien \u00ab\u00a0La R\u00e9gion\u00a0\u00bb du 8 f\u00e9vrier 2024<\/p>\n<p class=\"p1\"><a href=\"https:\/\/www.calameo.com\/read\/00509090474626594c0d8?authid=D3Dimd986R97\">Lien sur l&rsquo;article dans la R\u00e9gion<\/a><\/p>\n<p class=\"p1\"><a href=\"https:\/\/gymnase-yverdon.ch\/data\/240208-LaRegion1.pdf\">Lire l&rsquo;article en format PDF<\/a><\/p>\n<p class=\"p1\">[\/et_pb_text][\/et_pb_column][\/et_pb_row][\/et_pb_section]\n","protected":false},"excerpt":{"rendered":"<p>50 ans d&rsquo;histoire de la formation dans le Nord vaudois en un tour de table SOUVENIRS Directeur de gymnase : voil\u00e0 un m\u00e9tier bien particulier&#8230; Les quatres derniers titulaires de cette fonction se sont r\u00e9unis quelques semaines avant le d\u00e9but du 50e anniversaire du Gymnase d&rsquo;Yverdon. Suivi de Travail et perse\u0301ve\u0301rance : une recette qui [&hellip;]<\/p>\n","protected":false},"author":6,"featured_media":0,"comment_status":"closed","ping_status":"closed","sticky":false,"template":"","format":"standard","meta":{"_et_pb_use_builder":"on","_et_pb_old_content":"","_et_gb_content_width":"2880","inline_featured_image":false,"footnotes":""},"categories":[37],"tags":[],"class_list":["post-361","post","type-post","status-publish","format-standard","hentry","category-presse"],"_links":{"self":[{"href":"https:\/\/gymnase-yverdon.ch\/50ans\/wp-json\/wp\/v2\/posts\/361","targetHints":{"allow":["GET"]}}],"collection":[{"href":"https:\/\/gymnase-yverdon.ch\/50ans\/wp-json\/wp\/v2\/posts"}],"about":[{"href":"https:\/\/gymnase-yverdon.ch\/50ans\/wp-json\/wp\/v2\/types\/post"}],"author":[{"embeddable":true,"href":"https:\/\/gymnase-yverdon.ch\/50ans\/wp-json\/wp\/v2\/users\/6"}],"replies":[{"embeddable":true,"href":"https:\/\/gymnase-yverdon.ch\/50ans\/wp-json\/wp\/v2\/comments?post=361"}],"version-history":[{"count":6,"href":"https:\/\/gymnase-yverdon.ch\/50ans\/wp-json\/wp\/v2\/posts\/361\/revisions"}],"predecessor-version":[{"id":378,"href":"https:\/\/gymnase-yverdon.ch\/50ans\/wp-json\/wp\/v2\/posts\/361\/revisions\/378"}],"wp:attachment":[{"href":"https:\/\/gymnase-yverdon.ch\/50ans\/wp-json\/wp\/v2\/media?parent=361"}],"wp:term":[{"taxonomy":"category","embeddable":true,"href":"https:\/\/gymnase-yverdon.ch\/50ans\/wp-json\/wp\/v2\/categories?post=361"},{"taxonomy":"post_tag","embeddable":true,"href":"https:\/\/gymnase-yverdon.ch\/50ans\/wp-json\/wp\/v2\/tags?post=361"}],"curies":[{"name":"wp","href":"https:\/\/api.w.org\/{rel}","templated":true}]}}