{"id":350,"date":"2024-02-05T13:32:32","date_gmt":"2024-02-05T12:32:32","guid":{"rendered":"https:\/\/gymnase-yverdon.ch\/50ans\/?p=350"},"modified":"2024-02-05T13:32:34","modified_gmt":"2024-02-05T12:32:34","slug":"communique-de-presse-etat-de-vaud","status":"publish","type":"post","link":"https:\/\/gymnase-yverdon.ch\/50ans\/2024\/02\/05\/communique-de-presse-etat-de-vaud\/","title":{"rendered":"Communiqu\u00e9 de presse &#8211; Etat de Vaud"},"content":{"rendered":"\n[et_pb_section fb_built=\u00a0\u00bb1&Prime; _builder_version=\u00a0\u00bb4.21.0&Prime; _module_preset=\u00a0\u00bbdefault\u00a0\u00bb global_colors_info=\u00a0\u00bb{}\u00a0\u00bb theme_builder_area=\u00a0\u00bbpost_content\u00a0\u00bb hover_enabled=\u00a0\u00bb0&Prime; sticky_enabled=\u00a0\u00bb0&Prime;][et_pb_row _builder_version=\u00a0\u00bb4.21.0&Prime; _module_preset=\u00a0\u00bbdefault\u00a0\u00bb global_colors_info=\u00a0\u00bb{}\u00a0\u00bb theme_builder_area=\u00a0\u00bbpost_content\u00a0\u00bb hover_enabled=\u00a0\u00bb0&Prime; sticky_enabled=\u00a0\u00bb0&Prime;][et_pb_column type=\u00a0\u00bb4_4&Prime; _builder_version=\u00a0\u00bb4.21.0&Prime; _module_preset=\u00a0\u00bbdefault\u00a0\u00bb global_colors_info=\u00a0\u00bb{}\u00a0\u00bb theme_builder_area=\u00a0\u00bbpost_content\u00a0\u00bb][et_pb_text _builder_version=\u00a0\u00bb4.21.0&Prime; _module_preset=\u00a0\u00bbdefault\u00a0\u00bb hover_enabled=\u00a0\u00bb0&Prime; global_colors_info=\u00a0\u00bb{}\u00a0\u00bb theme_builder_area=\u00a0\u00bbpost_content\u00a0\u00bb sticky_enabled=\u00a0\u00bb0&Prime;]<h1 class=\"h2 px-4 py-4 mt-0 vd-bg-pattern-bars-gray order-2\">Vivre la culture sous toutes ses couleurs\u00bb: des festivit\u00e9s pour les 50 ans du Gymnase d\u2019Yverdon<\/h1>\n<p>De 350 \u00e9l\u00e8ves en 1974 \u00e0 plus de 1&rsquo;400 en 2024, le Gymnase d\u2019Yverdon a accompagn\u00e9 le parcours de formation postobligatoire de beaucoup de jeunes dans le Nord vaudois au fil de ses 50 ann\u00e9es d\u2019existence. Il c\u00e9l\u00e8bre ce jubil\u00e9 par l\u2019organisation de plus de cinquante \u00e9v\u00e9nements jusqu\u2019en d\u00e9cembre 2024, dont plusieurs sont ouverts \u00e0 toute la population. Expositions, conf\u00e9rences, festivals, visites et projets originaux : pendant une ann\u00e9e, le gymnase fera \u00ab vivre la culture sous toutes ses couleurs \u00bb.<\/p>\n<p class=\"Com-texte\">Lorsqu\u2019il ouvre ses portes en 1974, le CESSNOV (Centre d\u2019enseignement secondaire sup\u00e9rieur du Nord vaudois) est le premier \u00e9tablissement \u00e0 traduire une volont\u00e9 de d\u00e9centralisation dans les r\u00e9gions et \u00e0 permettre \u00e0 de jeunes Vaudoises et Vaudois d\u2019obtenir leur titre de formation postobligatoire ailleurs qu\u2019\u00e0 Lausanne. Il accueille alors les \u00e9l\u00e8ves des fili\u00e8res gymnasiale, commerciale et p\u00e9dagogique, notamment les futures enseignantes et enseignants. En 1983, l\u2019\u00e9tablissement grandit en inaugurant un nouveau b\u00e2timent d\u00e9volu int\u00e9gralement \u00e0 l\u2019ancienne \u00c9cole normale. En 2002, la cr\u00e9ation de la Haute \u00e9cole p\u00e9dagogique \u00e0 Lausanne entra\u00eenera le d\u00e9part de l\u2019\u00c9cole normale l\u2019ann\u00e9e suivante. L\u2019\u00e9tablissement prend alors le nom de \u00ab\u00a0Gymnase d\u2019Yverdon\u00a0\u00bb. Il aura, en 50 ans, d\u00e9livr\u00e9 pr\u00e8s de 15&rsquo;000 titres aux jeunes de la r\u00e9gion pour lesquels il a constitu\u00e9 une \u00e9tape importante dans leur parcours de formation mais aussi dans leur parcours de vie.<\/p>\n<p class=\"Com-texte\">Un demi-si\u00e8cle d\u2019existence, c\u2019est l\u2019occasion de r\u00e9fl\u00e9chir \u00e0 l\u2019ancrage de cet \u00e9tablissement dans son \u00e9poque et dans sa r\u00e9gion. Les comm\u00e9morations pr\u00e9vues mettront en valeur le travail effectu\u00e9 par les \u00e9l\u00e8ves et les membres du personnel, tout en montrant les profondes connexions qui existent entre le Gymnase d\u2019Yverdon et le tissu r\u00e9gional. Ce sera aussi l\u2019occasion de mener une r\u00e9flexion sur le pass\u00e9 et l\u2019avenir pour que le gymnase continue de remplir sa mission fondamentale de transmission des savoir-faire et savoir-vivre.<\/p>\n<p class=\"Com-texte\">La culture a \u00e9t\u00e9 choisie comme fil rouge des c\u00e9l\u00e9brations tout au long de l\u2019ann\u00e9e 2024. Elle est en effet au c\u0153ur du projet \u00e9ducatif et donne de la profondeur et des couleurs aux multiples activit\u00e9s r\u00e9alis\u00e9es tout au long de l\u2019ann\u00e9e scolaire. Les festivit\u00e9s ont ainsi \u00e9t\u00e9 pens\u00e9es en cinq grands th\u00e8mes :<\/p>\n<ul>\n<li><strong>La culture ouvre ses portes<span>\u00a0<\/span><\/strong>: visites d\u2019expositions, th\u00e9\u00e2tre ou rencontres avec des artistes, chaque \u00e9l\u00e8ve va b\u00e9n\u00e9ficier de toute la richesse culturelle locale pendant trois jours, gr\u00e2ce \u00e0 une \u00e9troite collaboration avec le Service de la culture d\u2019Yverdon-les-Bains.<\/li>\n<li><strong>A la rencontre des cultures<span>\u00a0<\/span><\/strong>: le gymnase, avec ses 1\u2019400 \u00e9l\u00e8ves et ses 160 collaboratrices et collaborateurs, h\u00e9berge de multiples cultures. Elles seront c\u00e9l\u00e9br\u00e9es pendant une semaine consacr\u00e9e \u00e0 l\u2019interculturalit\u00e9.<\/li>\n<li><strong>Cultive ton jardin<span>\u00a0<\/span><\/strong>: des expositions, conf\u00e9rences et \u00e9v\u00e9nements sont \u00e9gren\u00e9s pendant toute l\u2019ann\u00e9e pour explorer les jardins int\u00e9rieurs ou ext\u00e9rieurs, des pr\u00e9occupations intimes \u00e0 celles qui concernent l\u2019environnement.<\/li>\n<li><strong>Cultiver les savoirs<span>\u00a0<\/span><\/strong>: montrer la richesse des savoirs, leurs interconnexions et leur r\u00f4le pour \u00e9clairer le monde lors de diff\u00e9rents \u00e9v\u00e9nements, au gymnase ou en ville. L\u2019occasion pour les \u00e9l\u00e8ves de sciences exp\u00e9rimentales de dialoguer avec le Prix Nobel Jacques Dubochet ou pour les \u00e9l\u00e8ves d\u2019\u00e9conomie de mettre en place un podcast pour faire d\u00e9couvrir l\u2019histoire de la r\u00e9gion dans une ligne de bus.<\/li>\n<li><strong>Culture en f\u00eate<span>\u00a0<\/span><\/strong>: du festival de No\u00ebl \u00e0 des vernissages ou des concours, le gymnase met en exergue ses habituels moments festifs qui montrent le talent des \u00e9l\u00e8ves et des membres du personnel.<\/li>\n<\/ul>\n<p><a href=\"https:\/\/www.vd.ch\/toutes-les-actualites\/communiques-de-presse\/detail\/communique\/vivre-la-culture-sous-toutes-ses-couleurs-des-festivites-pour-les-50-ans-du-gymnase-dyverdon-1707126568\">Communiqu\u00e9 de presse<\/a><\/p>\n<p><a href=\"https:\/\/gymnase-yverdon.ch\/data\/CommuniquePresse_50ans_vdch.pdf\">Version au format PDF<\/a><\/p>[\/et_pb_text][\/et_pb_column][\/et_pb_row][\/et_pb_section]\n","protected":false},"excerpt":{"rendered":"<p>Vivre la culture sous toutes ses couleurs\u00bb: des festivit\u00e9s pour les 50 ans du Gymnase d\u2019Yverdon De 350 \u00e9l\u00e8ves en 1974 \u00e0 plus de 1&rsquo;400 en 2024, le Gymnase d\u2019Yverdon a accompagn\u00e9 le parcours de formation postobligatoire de beaucoup de jeunes dans le Nord vaudois au fil de ses 50 ann\u00e9es d\u2019existence. Il c\u00e9l\u00e8bre ce [&hellip;]<\/p>\n","protected":false},"author":6,"featured_media":0,"comment_status":"closed","ping_status":"closed","sticky":false,"template":"","format":"standard","meta":{"_et_pb_use_builder":"on","_et_pb_old_content":"","_et_gb_content_width":"1080","inline_featured_image":false,"footnotes":""},"categories":[37],"tags":[],"class_list":["post-350","post","type-post","status-publish","format-standard","hentry","category-presse"],"_links":{"self":[{"href":"https:\/\/gymnase-yverdon.ch\/50ans\/wp-json\/wp\/v2\/posts\/350","targetHints":{"allow":["GET"]}}],"collection":[{"href":"https:\/\/gymnase-yverdon.ch\/50ans\/wp-json\/wp\/v2\/posts"}],"about":[{"href":"https:\/\/gymnase-yverdon.ch\/50ans\/wp-json\/wp\/v2\/types\/post"}],"author":[{"embeddable":true,"href":"https:\/\/gymnase-yverdon.ch\/50ans\/wp-json\/wp\/v2\/users\/6"}],"replies":[{"embeddable":true,"href":"https:\/\/gymnase-yverdon.ch\/50ans\/wp-json\/wp\/v2\/comments?post=350"}],"version-history":[{"count":4,"href":"https:\/\/gymnase-yverdon.ch\/50ans\/wp-json\/wp\/v2\/posts\/350\/revisions"}],"predecessor-version":[{"id":355,"href":"https:\/\/gymnase-yverdon.ch\/50ans\/wp-json\/wp\/v2\/posts\/350\/revisions\/355"}],"wp:attachment":[{"href":"https:\/\/gymnase-yverdon.ch\/50ans\/wp-json\/wp\/v2\/media?parent=350"}],"wp:term":[{"taxonomy":"category","embeddable":true,"href":"https:\/\/gymnase-yverdon.ch\/50ans\/wp-json\/wp\/v2\/categories?post=350"},{"taxonomy":"post_tag","embeddable":true,"href":"https:\/\/gymnase-yverdon.ch\/50ans\/wp-json\/wp\/v2\/tags?post=350"}],"curies":[{"name":"wp","href":"https:\/\/api.w.org\/{rel}","templated":true}]}}