{"id":299,"date":"2024-01-30T08:49:02","date_gmt":"2024-01-30T07:49:02","guid":{"rendered":"https:\/\/gymnase-yverdon.ch\/50ans\/?p=299"},"modified":"2024-02-05T13:37:41","modified_gmt":"2024-02-05T12:37:41","slug":"299","status":"publish","type":"post","link":"https:\/\/gymnase-yverdon.ch\/50ans\/2024\/01\/30\/299\/","title":{"rendered":"Les festivit\u00e9s d\u00e9buteront le 5 f\u00e9vrier 2024 !"},"content":{"rendered":"<p>[et_pb_section fb_built=\u00a0\u00bb1&Prime; _builder_version=\u00a0\u00bb4.21.0&Prime; _module_preset=\u00a0\u00bbdefault\u00a0\u00bb hover_enabled=\u00a0\u00bb0&Prime; global_colors_info=\u00a0\u00bb{}\u00a0\u00bb sticky_enabled=\u00a0\u00bb0&Prime;][et_pb_row _builder_version=\u00a0\u00bb4.21.0&Prime; _module_preset=\u00a0\u00bbdefault\u00a0\u00bb global_colors_info=\u00a0\u00bb{}\u00a0\u00bb][et_pb_column type=\u00a0\u00bb4_4&Prime; _builder_version=\u00a0\u00bb4.21.0&Prime; _module_preset=\u00a0\u00bbdefault\u00a0\u00bb global_colors_info=\u00a0\u00bb{}\u00a0\u00bb][et_pb_text _builder_version=\u00a0\u00bb4.21.0&Prime; _module_preset=\u00a0\u00bbdefault\u00a0\u00bb global_colors_info=\u00a0\u00bb{}\u00a0\u00bb]<\/p>\n<p>Le d\u00e9but des festivit\u00e9s est pr\u00e9vu le 5 f\u00e9vrier 2024. 50 ans, 50 \u00e9v\u00e9nements !<\/p>\n<p>Nous vous invitons \u00e0 suivre la page <a href=\"https:\/\/www.facebook.com\/gymnaseyverdonlesbains\/\" target=\"_blank\" rel=\"noopener\">Facebook<\/a> et <a href=\"https:\/\/www.instagram.com\/gymnaseyverdon\/\">Instagram<\/a> pour \u00eatre au courant des derni\u00e8res actualit\u00e9s !<\/p>\n<p>Que la f\u00eate commence !<\/p>\n<p>&nbsp;<\/p>\n<p>&nbsp;<\/p>\n<p>[\/et_pb_text][\/et_pb_column][\/et_pb_row][\/et_pb_section]<\/p>\n","protected":false},"excerpt":{"rendered":"<p>Le d\u00e9but des festivit\u00e9s est pr\u00e9vu le 5 f\u00e9vrier 2024. 50 ans, 50 \u00e9v\u00e9nements ! Nous vous invitons \u00e0 suivre la page Facebook et Instagram pour \u00eatre au courant des derni\u00e8res actualit\u00e9s ! Que la f\u00eate commence ! &nbsp; &nbsp;<\/p>\n","protected":false},"author":6,"featured_media":0,"comment_status":"closed","ping_status":"open","sticky":false,"template":"","format":"standard","meta":{"_et_pb_use_builder":"on","_et_pb_old_content":"","_et_gb_content_width":"2880","inline_featured_image":false,"footnotes":""},"categories":[33],"tags":[],"class_list":["post-299","post","type-post","status-publish","format-standard","hentry","category-informations-officielles"],"_links":{"self":[{"href":"https:\/\/gymnase-yverdon.ch\/50ans\/wp-json\/wp\/v2\/posts\/299","targetHints":{"allow":["GET"]}}],"collection":[{"href":"https:\/\/gymnase-yverdon.ch\/50ans\/wp-json\/wp\/v2\/posts"}],"about":[{"href":"https:\/\/gymnase-yverdon.ch\/50ans\/wp-json\/wp\/v2\/types\/post"}],"author":[{"embeddable":true,"href":"https:\/\/gymnase-yverdon.ch\/50ans\/wp-json\/wp\/v2\/users\/6"}],"replies":[{"embeddable":true,"href":"https:\/\/gymnase-yverdon.ch\/50ans\/wp-json\/wp\/v2\/comments?post=299"}],"version-history":[{"count":11,"href":"https:\/\/gymnase-yverdon.ch\/50ans\/wp-json\/wp\/v2\/posts\/299\/revisions"}],"predecessor-version":[{"id":358,"href":"https:\/\/gymnase-yverdon.ch\/50ans\/wp-json\/wp\/v2\/posts\/299\/revisions\/358"}],"wp:attachment":[{"href":"https:\/\/gymnase-yverdon.ch\/50ans\/wp-json\/wp\/v2\/media?parent=299"}],"wp:term":[{"taxonomy":"category","embeddable":true,"href":"https:\/\/gymnase-yverdon.ch\/50ans\/wp-json\/wp\/v2\/categories?post=299"},{"taxonomy":"post_tag","embeddable":true,"href":"https:\/\/gymnase-yverdon.ch\/50ans\/wp-json\/wp\/v2\/tags?post=299"}],"curies":[{"name":"wp","href":"https:\/\/api.w.org\/{rel}","templated":true}]}}